{"id":46615,"date":"2024-12-02T14:24:29","date_gmt":"2024-12-02T13:24:29","guid":{"rendered":"https:\/\/lioneletlesautresvictimesdelaroute.fr\/justice\/?p=46615"},"modified":"2025-07-28T15:19:19","modified_gmt":"2025-07-28T13:19:19","slug":"institut-pour-la-justice-merci-pour-votre-aide-institut-national-de-la-justice-merci-pour-votre-aide","status":"publish","type":"post","link":"https:\/\/lioneletlesautresvictimesdelaroute.fr\/justice\/institut-pour-la-justice-merci-pour-votre-aide-institut-national-de-la-justice-merci-pour-votre-aide\/","title":{"rendered":"Institut pour la Justice :  Merci pour votre aide."},"content":{"rendered":"\t\t<div data-elementor-type=\"wp-post\" data-elementor-id=\"46615\" class=\"elementor elementor-46615\" data-elementor-settings=\"{&quot;ha_cmc_init_switcher&quot;:&quot;no&quot;}\">\n\t\t\t\t<div class=\"elementor-element elementor-element-b436a6a e-flex e-con-boxed wpr-particle-no wpr-jarallax-no wpr-parallax-no wpr-sticky-section-no wpr-equal-height-no e-con e-parent\" data-id=\"b436a6a\" data-element_type=\"container\" data-e-type=\"container\" data-settings=\"{&quot;_ha_eqh_enable&quot;:false}\">\n\t\t\t\t\t<div class=\"e-con-inner\">\n\t\t\t\t<div class=\"elementor-element elementor-element-e5e0b8a elementor-widget elementor-widget-heading\" data-id=\"e5e0b8a\" data-element_type=\"widget\" data-e-type=\"widget\" data-widget_type=\"heading.default\">\n\t\t\t\t<div class=\"elementor-widget-container\">\n\t\t\t\t\t<h2 class=\"elementor-heading-title elementor-size-default\">Message re\u00e7u par mail, de l'Institut National de la Justice le  30 Novembre 2024.<\/h2>\t\t\t\t<\/div>\n\t\t\t\t<\/div>\n\t\t\t\t<div class=\"elementor-element elementor-element-2e3ef0b elementor-widget elementor-widget-text-editor\" data-id=\"2e3ef0b\" data-element_type=\"widget\" data-e-type=\"widget\" data-widget_type=\"text-editor.default\">\n\t\t\t\t<div class=\"elementor-widget-container\">\n\t\t\t\t\t\t\t\t\t<table class=\"ox-8f434e3d6d-m_-2239306831605286371r2-o\" border=\"0\" width=\"100%\" cellspacing=\"0\" cellpadding=\"0\" align=\"center\"><tbody><tr><th class=\"ox-8f434e3d6d-m_-2239306831605286371r3-c\" valign=\"top\" width=\"100%\"><table class=\"ox-8f434e3d6d-m_-2239306831605286371r5-o\" border=\"0\" width=\"100%\" cellspacing=\"0\" cellpadding=\"0\" align=\"left\"><tbody><tr><td class=\"ox-8f434e3d6d-m_-2239306831605286371r7-i ox-8f434e3d6d-m_-2239306831605286371nl2go-default-textstyle\" align=\"left\" valign=\"top\"><div><p>Ch\u00e8re Madame, cher Monsieur,<\/p><p>La mort d\u2019Antoine All\u00e9no en mai 2022, n\u2019est pas simplement la mort d\u2019une personnalit\u00e9 publique (son p\u00e8re, Yannick, est un des plus grands cuisiniers fran\u00e7ais).<\/p><p>C\u2019est aussi une mort 1 000 fois \u00e9vitable, r\u00e9sultat du laxisme habituel et de d\u00e9cisions judiciaires insupportables.<\/p><p>Plus de 2 ans apr\u00e8s les faits, le tribunal judiciaire de Paris vient de rendre sa sentence\u2026<\/p><p><strong>Un dimanche soir comme les autres<\/strong><\/p><p>Il \u00e9tait tard ce dimanche 8 mai 2022.\u00a0<\/p><p>Antoine All\u00e9no venait de terminer son service, lui, le cuisinier d\u00e9j\u00e0 talentueux \u00e0 24 ans.<\/p><p>Sur son scooter, il embarque une amie et se dirige vers chez lui.<\/p><p>Arriv\u00e9 Place de la r\u00e9sistance, juste devant le Pont de l\u2019Alma, Antoine s\u2019arr\u00eate au feu rouge. Il patiente en plaisantant avec sa passag\u00e8re.<\/p><p>A cette heure-ci, il n\u2019y a plus grand monde dans les rues de Paris et on n\u2019entend rien d\u2019autre que le bruit du scooter.<\/p><p>Mais tout \u00e0 coup, un bruit de moteur lointain parvient aux oreilles d\u2019Antoine.<\/p><p>Il a \u00e0 peine le temps de le r\u00e9aliser que ce bruit devient plus fort. Antoine jette un regard en arri\u00e8re\u2026<\/p><p>Et il est percut\u00e9 de plein fouet.<\/p><p>Antoine n\u2019a pas eu le temps de r\u00e9aliser ce qu\u2019il se passait. Il est d\u00e9c\u00e9d\u00e9 sur le coup.<\/p><p><strong>Un homicide routier 1 000 fois \u00e9vitable<\/strong><\/p><p>Quelques semaines apr\u00e8s les faits, Yannick, le p\u00e8re d\u2019Antoine, s\u2019est exprim\u00e9 : \u201c<i>Si un jour, j\u2019avais pens\u00e9 au pire des cauchemars, \u00e7a n\u2019aurait pas \u00e9t\u00e9 celui-l\u00e0\u2026\u201d<\/i><\/p><p>Je ne peux imaginer ce qu\u2019a ressenti la famille d\u2019Antoine. Perdre son enfant est probablement une des pires douleurs humaines\u2026<\/p><\/div><\/td><\/tr><\/tbody><\/table><table class=\"ox-8f434e3d6d-m_-2239306831605286371r5-o\" border=\"0\" width=\"100%\" cellspacing=\"0\" cellpadding=\"0\" align=\"left\"><tbody><tr><td class=\"ox-8f434e3d6d-m_-2239306831605286371r7-i ox-8f434e3d6d-m_-2239306831605286371nl2go-default-textstyle\" align=\"left\" valign=\"top\"><div><p>Selon <i>Paris Match<\/i>, Yannick All\u00e9no se d\u00e9crit comme un p\u00e8re \u201c<i>inconsolable\u201d<\/i> et \u201c<i>enrag\u00e9<\/i>\u201d.<\/p><p>Une rage d\u00e9cupl\u00e9e qui ne fait que monter.<\/p><p>En effet, \u00e0 mesure que les circonstances du drame s&rsquo;\u00e9claircissent, <strong>le laxisme habituel appara\u00eet<\/strong>.<\/p><p>Tout a commenc\u00e9, ce soir-l\u00e0, lorsque Francky D., le chauffard qui a percut\u00e9 Antoine, se pr\u00e9sente devant le voiturier d\u2019un h\u00f4tel. Il montre un faux ticket et r\u00e9cup\u00e8re une grosse cylindr\u00e9e.<\/p><p>Compl\u00e8tement ivre, il slalome dans les rues de Paris sur plusieurs centaines de m\u00e8tres. Avant de tenter de passer entre le scooter d\u2019Antoine et une voiture VTC.<\/p><p>C\u2019est l\u00e0 que se produit l\u2019accident.<\/p><p>Le jour du drame, Francky D. a 25 ans et il appartient \u00e0 la communaut\u00e9 des gens du voyage.<\/p><p>Mais surtout, c\u2019est un d\u00e9linquant multir\u00e9cidiviste comme il en existe des dizaines de milliers en France.\u00a0<\/p><p>Ainsi, Francky D. \u00e9tait :\u00a0<\/p><ul><li><u>recherch\u00e9 au moment des faits<\/u> pour purger une peine de prison\u2026 Mais les magistrats \u201cn\u2019avaient diligent\u00e9 AUCUNE action\u201d pour le rattraper selon <i>Paris Match<\/i>.<\/li><li>il \u00e9tait \u00e9galement <u>sans permis<\/u> de conduire.<\/li><li>et <u>d\u00e9j\u00e0 connu<\/u> pour des vols, recels, violences volontaires, possession d\u2019armes \u00e0 feu, et vols de v\u00e9hicules\u2026<\/li><\/ul><p>Mais visiblement, rien de tout cela n\u2019\u00e9tait assez grave pour que la Justice le condamne \u00e0 une vraie peine, dissuasive.<\/p><p>Rien d\u2019assez grave pour que la Justice prot\u00e8ge la vie d\u2019un jeune homme comme Antoine\u2026<\/p><p><strong>La Justice s\u2019acharne \u00e0 d\u00e9fendre Francky D.<\/strong><\/p><p>Imm\u00e9diatement apr\u00e8s l\u2019accident, le chauffard s\u2019enfuit \u00e0 pied. Puis, compl\u00e8tement <u>par hasard<\/u>, un policier hors service le reconna\u00eet et l\u2019interpelle.<\/p><p>Le juge d\u2019instruction re\u00e7oit le chauffard, et le place logiquement en d\u00e9tention provisoire\u2026<\/p><p>Mais, en f\u00e9vrier 2023, apr\u00e8s 8 mois derri\u00e8re les barreaux, une nouvelle d\u00e9cision judiciaire tombe.<\/p><p>Et, sur la famille d\u2019Antoine, elle fait l\u2019effet d\u2019un coup par derri\u00e8re.<\/p><p>Sur ordre du juge, Francky D. est\u2026 lib\u00e9r\u00e9 !<\/p><p>Sans aucune pr\u00e9caution vis-\u00e0-vis de sa dangerosit\u00e9, Francky D. peut rentrer tranquillement chez lui, en attendant son jugement\u2026<\/p><p>Une peine \u201clourde\u201d ? Vraiment ?<\/p><p>Ce jeudi 28 novembre a \u00e9t\u00e9 rendu le jugement du tribunal judiciaire de Paris.<\/p><p>Au terme de plusieurs semaines de d\u00e9bat, le tribunal a prononc\u00e9 une peine de <u>7 ans de prison ferme<\/u>, alors qu\u2019il en encourait 10.<\/p><p>Avec les remises de peine, cela signifie qu\u2019il fera <u>probablement 4 ans et demi<\/u> en tout et pour tout.\u00a0<\/p><p>S\u2019il se comporte bien en prison, il pourra m\u00eame demander une lib\u00e9ration conditionnelle <u>dans 2 ans<\/u>.<\/p><p>Une peine ridicule. Ce multir\u00e9cidiviste, qui a d\u00e9truit une famille, pourra f\u00eater ses 30 ans chez lui entour\u00e9 de ses amis. Et je vous parie que les tribunaux le reverront bient\u00f4t !<\/p><p>Mais aussi \u00e9tonnant que cela puisse para\u00eetre, cette condamnation est consid\u00e9r\u00e9e comme \u201clourde\u201d&#8230;<\/p><p><strong>La soci\u00e9t\u00e9 ne reconna\u00eet pas ce qui s\u2019est pass\u00e9<\/strong><\/p><p>En effet, la Justice ne condamne les chauffards qu\u2019\u00e0 des peines n\u00e9gligeables.\u00a0<\/p><p>Il y a un an, je rencontrais Coralie Pailh\u00e8s. Cette maman peut t\u00e9moigner du laxisme habituel de la Justice.<\/p><p>Alors qu\u2019il se rendait chez un ami, son fils Lionel a \u00e9t\u00e9 tu\u00e9, \u00e0 18 ans, par un chauffard coca\u00efnomane.<\/p><p>Malgr\u00e9 le drame qu\u2019il a engendr\u00e9, ce chauffard multir\u00e9cidiviste n\u2019a pass\u00e9 que 18 mois de prison. Une peine absolument d\u00e9risoire.<\/p><p>Coralie Pailh\u00e8s avait d&rsquo;ailleurs t\u00e9moign\u00e9 de son histoire, truff\u00e9e d\u2019\u00e9l\u00e9ments compl\u00e8tement affolants. Vous pouvez le voir <a tabindex=\"9999\" href=\"https:\/\/r.mailer.institutpourlajustice.org\/mk\/cl\/f\/sh\/1t6AnZZCzFqpYNe35WpmPLtdavzCq4\/jh8uzZ3QI52h\" target=\"_blank\" rel=\"noopener\">dans cette vid\u00e9o<\/a>\u2026<\/p><p>Pour la famille d\u2019Antoine ou de Lionel, croyez-vous qu\u2019il est possible de faire son deuil lorsque la collectivit\u00e9 (\u00e0 travers la Justice) ne reconna\u00eet pas la gravit\u00e9 de ce qui est arriv\u00e9 ?\u00a0<\/p><p>Non, c\u2019est impossible.<\/p><p>Quelques semaines apr\u00e8s la mort de son fils, Yannick All\u00e9no, d\u00e9crivait ce drame comme une perte \u201c<i>impossible<\/i>\u201d et \u201c<i>inacceptable<\/i>\u201d pour lui.<\/p><p>Cette peine immense, cet ab\u00eeme sans fond ne trouve pas d\u2019\u00e9cho dans nos institutions. Car nos institutions n\u2019ont d\u2019yeux que pour les coupables et n\u00e9gligent les victimes.<\/p><p>La Justice ne cherche pas \u00e0 prononcer des peines \u201cjustes\u201d, mais ne cherche qu\u2019\u00e0 prononcer des peines qui r\u00e9habiliteront le d\u00e9linquant.\u00a0<\/p><p>La victime n\u2019a pas voix au chapitre. Un jour, ce sera peut-\u00eatre vous ou moi les victimes.<\/p><p>Ne laissons pas notre Justice dans un tel \u00e9tat.<\/p><\/div><\/td><\/tr><\/tbody><\/table><table class=\"ox-8f434e3d6d-m_-2239306831605286371r5-o\" border=\"0\" width=\"100%\" cellspacing=\"0\" cellpadding=\"0\" align=\"left\"><tbody><tr><td class=\"ox-8f434e3d6d-m_-2239306831605286371r8-i ox-8f434e3d6d-m_-2239306831605286371nl2go-default-textstyle\" align=\"left\" valign=\"top\"><div><p>Avec tout mon d\u00e9vouement,<\/p><\/div><\/td><\/tr><\/tbody><\/table><\/th><\/tr><\/tbody><\/table><table class=\"ox-8f434e3d6d-m_-2239306831605286371r2-o\" border=\"0\" width=\"100%\" cellspacing=\"0\" cellpadding=\"0\" align=\"center\"><tbody><tr><td class=\"ox-8f434e3d6d-m_-2239306831605286371r10-i\"><table border=\"0\" width=\"100%\" cellspacing=\"0\" cellpadding=\"0\"><tbody><tr><th class=\"ox-8f434e3d6d-m_-2239306831605286371r11-c\" valign=\"top\" width=\"33.33%\"><table class=\"ox-8f434e3d6d-m_-2239306831605286371r4-o\" border=\"0\" width=\"100%\" cellspacing=\"0\" cellpadding=\"0\"><tbody><tr><td class=\"ox-8f434e3d6d-m_-2239306831605286371r12-i\" valign=\"top\"><table border=\"0\" width=\"100%\" cellspacing=\"0\" cellpadding=\"0\"><tbody><tr><td class=\"ox-8f434e3d6d-m_-2239306831605286371r13-c\" align=\"left\"><table class=\"ox-8f434e3d6d-m_-2239306831605286371r14-o\" border=\"0\" width=\"180\" cellspacing=\"0\" cellpadding=\"0\"><tbody><tr><td class=\"ox-8f434e3d6d-m_-2239306831605286371r15-i\"><img decoding=\"async\" src=\"https:\/\/img.mailer.institutpourlajustice.org\/im\/sh\/WhXBY_RAKM3u.png?u=2BpAyz2gMiWnccbiBw5zprXP64culdETdk\" width=\"180\" border=\"0\" \/><\/td><\/tr><\/tbody><\/table><\/td><\/tr><\/tbody><\/table><\/td><\/tr><\/tbody><\/table><\/th><th class=\"ox-8f434e3d6d-m_-2239306831605286371r16-c\" valign=\"top\" width=\"66.67%\"><table class=\"ox-8f434e3d6d-m_-2239306831605286371r4-o\" border=\"0\" width=\"100%\" cellspacing=\"0\" cellpadding=\"0\"><tbody><tr><td class=\"ox-8f434e3d6d-m_-2239306831605286371r17-i\" valign=\"top\"><table border=\"0\" width=\"100%\" cellspacing=\"0\" cellpadding=\"0\"><tbody><tr><td class=\"ox-8f434e3d6d-m_-2239306831605286371r18-c\" align=\"left\"><table class=\"ox-8f434e3d6d-m_-2239306831605286371r19-o\" border=\"0\" width=\"100%\" cellspacing=\"0\" cellpadding=\"0\"><tbody><tr><td class=\"ox-8f434e3d6d-m_-2239306831605286371r20-i ox-8f434e3d6d-m_-2239306831605286371nl2go-default-textstyle\" align=\"left\" valign=\"top\"><div><p>Pierre-Marie S\u00e8ve<\/p><\/div><\/td><\/tr><\/tbody><\/table><\/td><\/tr><\/tbody><\/table><\/td><\/tr><\/tbody><\/table><\/th><\/tr><\/tbody><\/table><\/td><\/tr><\/tbody><\/table>\t\t\t\t\t\t\t\t<\/div>\n\t\t\t\t<\/div>\n\t\t\t\t<div class=\"elementor-element elementor-element-7260e14 elementor-widget elementor-widget-spacer\" data-id=\"7260e14\" data-element_type=\"widget\" data-e-type=\"widget\" data-widget_type=\"spacer.default\">\n\t\t\t\t<div class=\"elementor-widget-container\">\n\t\t\t\t\t\t\t<div class=\"elementor-spacer\">\n\t\t\t<div class=\"elementor-spacer-inner\"><\/div>\n\t\t<\/div>\n\t\t\t\t\t\t<\/div>\n\t\t\t\t<\/div>\n\t\t\t\t\t<\/div>\n\t\t\t\t<\/div>\n\t\t<div class=\"elementor-element elementor-element-7ae459d e-flex e-con-boxed wpr-particle-no wpr-jarallax-no wpr-parallax-no wpr-sticky-section-no wpr-equal-height-no e-con e-parent\" data-id=\"7ae459d\" data-element_type=\"container\" data-e-type=\"container\" data-settings=\"{&quot;_ha_eqh_enable&quot;:false}\">\n\t\t\t\t\t<div class=\"e-con-inner\">\n\t\t\t\t<div class=\"elementor-element elementor-element-03a32c8 elementor-widget elementor-widget-heading\" data-id=\"03a32c8\" data-element_type=\"widget\" data-e-type=\"widget\" data-widget_type=\"heading.default\">\n\t\t\t\t<div class=\"elementor-widget-container\">\n\t\t\t\t\t<h2 class=\"elementor-heading-title elementor-size-default\">Mes commentaires<\/h2>\t\t\t\t<\/div>\n\t\t\t\t<\/div>\n\t\t\t\t<div class=\"elementor-element elementor-element-15464b3 elementor-widget elementor-widget-text-editor\" data-id=\"15464b3\" data-element_type=\"widget\" data-e-type=\"widget\" data-widget_type=\"text-editor.default\">\n\t\t\t\t<div class=\"elementor-widget-container\">\n\t\t\t\t\t\t\t\t\t<p>Merci \u00e0 l\u2019Institut National de la Justice pour le soutien et l\u2019aide qu\u2019il apporte \u00e0 l\u2019association Lionel et les Autres Victimes de la Route. Des battants qui travaille avec le gouvernement, des personnes humaines qui se battent pour une vraie justice, ils ont toute ma gratitude, comme pour Monsieur Boudry Michel qui est le technicien du site, qui travaille b\u00e9n\u00e9volement, un tr\u00e8s grand merci a ces personnes.<\/p>\t\t\t\t\t\t\t\t<\/div>\n\t\t\t\t<\/div>\n\t\t\t\t\t<\/div>\n\t\t\t\t<\/div>\n\t\t<div class=\"elementor-element elementor-element-71f495f e-flex e-con-boxed wpr-particle-no wpr-jarallax-no wpr-parallax-no wpr-sticky-section-no wpr-equal-height-no e-con e-parent\" data-id=\"71f495f\" data-element_type=\"container\" data-e-type=\"container\" data-settings=\"{&quot;_ha_eqh_enable&quot;:false}\">\n\t\t\t\t\t<div class=\"e-con-inner\">\n\t\t<div class=\"elementor-element elementor-element-97e4f01 e-con-full e-flex wpr-particle-no wpr-jarallax-no wpr-parallax-no wpr-sticky-section-no wpr-equal-height-no e-con e-child\" data-id=\"97e4f01\" data-element_type=\"container\" data-e-type=\"container\" data-settings=\"{&quot;_ha_eqh_enable&quot;:false}\">\n\t\t\t\t<div class=\"elementor-element elementor-element-51e17a9 elementor-widget elementor-widget-image\" data-id=\"51e17a9\" data-element_type=\"widget\" data-e-type=\"widget\" data-widget_type=\"image.default\">\n\t\t\t\t<div class=\"elementor-widget-container\">\n\t\t\t\t\t\t\t\t\t\t\t\t\t\t\t<img fetchpriority=\"high\" decoding=\"async\" width=\"768\" height=\"1024\" src=\"https:\/\/lioneletlesautresvictimesdelaroute.fr\/justice\/wp-content\/uploads\/2024\/12\/coralie-pailhes-768x1024.jpg\" class=\"attachment-large size-large wp-image-46634\" alt=\"\" srcset=\"https:\/\/lioneletlesautresvictimesdelaroute.fr\/justice\/wp-content\/uploads\/2024\/12\/coralie-pailhes-768x1024.jpg 768w, https:\/\/lioneletlesautresvictimesdelaroute.fr\/justice\/wp-content\/uploads\/2024\/12\/coralie-pailhes-225x300.jpg 225w, https:\/\/lioneletlesautresvictimesdelaroute.fr\/justice\/wp-content\/uploads\/2024\/12\/coralie-pailhes.jpg 960w\" sizes=\"(max-width: 768px) 100vw, 768px\" \/>\t\t\t\t\t\t\t\t\t\t\t\t\t\t\t<\/div>\n\t\t\t\t<\/div>\n\t\t\t\t<\/div>\n\t\t<div class=\"elementor-element elementor-element-26e2d6e e-con-full e-flex wpr-particle-no wpr-jarallax-no wpr-parallax-no wpr-sticky-section-no wpr-equal-height-no e-con e-child\" data-id=\"26e2d6e\" data-element_type=\"container\" data-e-type=\"container\" data-settings=\"{&quot;_ha_eqh_enable&quot;:false}\">\n\t\t\t\t<div class=\"elementor-element elementor-element-db55c82 elementor-widget elementor-widget-text-editor\" data-id=\"db55c82\" data-element_type=\"widget\" data-e-type=\"widget\" data-widget_type=\"text-editor.default\">\n\t\t\t\t<div class=\"elementor-widget-container\">\n\t\t\t\t\t\t\t\t\t<p><strong>Coralie Pailhes<\/strong> <\/p><p>Pr\u00e9sidente de l&rsquo;association Lionel et les Autres Victimes de la Route<\/p>\t\t\t\t\t\t\t\t<\/div>\n\t\t\t\t<\/div>\n\t\t\t\t<\/div>\n\t\t\t\t\t<\/div>\n\t\t\t\t<\/div>\n\t\t\t\t<\/div>\n\t\t","protected":false},"excerpt":{"rendered":"<p>Message re\u00e7u par mail, de l&rsquo;Institut National de la Justice le 30 Novembre 2024. Ch\u00e8re Madame, cher Monsieur, La mort d\u2019Antoine All\u00e9no en mai 2022, n\u2019est pas simplement la mort d\u2019une personnalit\u00e9 publique (son p\u00e8re, Yannick, est un des plus grands cuisiniers fran\u00e7ais). C\u2019est aussi une mort 1 000 fois \u00e9vitable, r\u00e9sultat du laxisme habituel et de d\u00e9cisions judiciaires insupportables. Plus de 2 ans apr\u00e8s les faits, le tribunal judiciaire de Paris vient de rendre sa sentence\u2026 Un dimanche soir comme les autres Il \u00e9tait tard ce dimanche 8 mai 2022. Antoine All\u00e9no venait de terminer son service, lui, le cuisinier d\u00e9j\u00e0 talentueux \u00e0 24 ans. Sur son scooter, il embarque une amie et se dirige vers chez lui. Arriv\u00e9 Place de la r\u00e9sistance, juste devant le Pont de l\u2019Alma, Antoine s\u2019arr\u00eate au feu rouge. Il patiente en plaisantant avec sa passag\u00e8re. A cette heure-ci, il n\u2019y a plus grand monde dans les rues de Paris et on n\u2019entend rien d\u2019autre que le bruit du scooter. Mais tout \u00e0 coup, un bruit de moteur lointain parvient aux oreilles d\u2019Antoine. Il a \u00e0 peine le temps de le r\u00e9aliser que ce bruit devient plus fort. Antoine jette un regard en arri\u00e8re\u2026 Et il est percut\u00e9 de plein fouet. Antoine n\u2019a pas eu le temps de r\u00e9aliser ce qu\u2019il se passait. Il est d\u00e9c\u00e9d\u00e9 sur le coup. Un homicide routier 1 000 fois \u00e9vitable Quelques semaines apr\u00e8s les faits, Yannick, le p\u00e8re d\u2019Antoine, s\u2019est exprim\u00e9 : \u201cSi un jour, j\u2019avais pens\u00e9 au pire des cauchemars, \u00e7a n\u2019aurait pas \u00e9t\u00e9 celui-l\u00e0\u2026\u201d Je ne peux imaginer ce qu\u2019a ressenti la famille d\u2019Antoine. Perdre son enfant est probablement une des pires douleurs humaines\u2026 Selon Paris Match, Yannick All\u00e9no se d\u00e9crit comme un p\u00e8re \u201cinconsolable\u201d et \u201cenrag\u00e9\u201d. Une rage d\u00e9cupl\u00e9e qui ne fait que monter. En effet, \u00e0 mesure que les circonstances du drame s&rsquo;\u00e9claircissent, le laxisme habituel appara\u00eet. Tout a commenc\u00e9, ce soir-l\u00e0, lorsque Francky D., le chauffard qui a percut\u00e9 Antoine, se pr\u00e9sente devant le voiturier d\u2019un h\u00f4tel. Il montre un faux ticket et r\u00e9cup\u00e8re une grosse cylindr\u00e9e. Compl\u00e8tement ivre, il slalome dans les rues de Paris sur plusieurs centaines de m\u00e8tres. Avant de tenter de passer entre le scooter d\u2019Antoine et une voiture VTC. C\u2019est l\u00e0 que se produit l\u2019accident. Le jour du drame, Francky D. a 25 ans et il appartient \u00e0 la communaut\u00e9 des gens du voyage. Mais surtout, c\u2019est un d\u00e9linquant multir\u00e9cidiviste comme il en existe des dizaines de milliers en France. Ainsi, Francky D. \u00e9tait : recherch\u00e9 au moment des faits pour purger une peine de prison\u2026 Mais les magistrats \u201cn\u2019avaient diligent\u00e9 AUCUNE action\u201d pour le rattraper selon Paris Match. il \u00e9tait \u00e9galement sans permis de conduire. et d\u00e9j\u00e0 connu pour des vols, recels, violences volontaires, possession d\u2019armes \u00e0 feu, et vols de v\u00e9hicules\u2026 Mais visiblement, rien de tout cela n\u2019\u00e9tait assez grave pour que la Justice le condamne \u00e0 une vraie peine, dissuasive. Rien d\u2019assez grave pour que la Justice prot\u00e8ge la vie d\u2019un jeune homme comme Antoine\u2026 La Justice s\u2019acharne \u00e0 d\u00e9fendre Francky D. Imm\u00e9diatement apr\u00e8s l\u2019accident, le chauffard s\u2019enfuit \u00e0 pied. Puis, compl\u00e8tement par hasard, un policier hors service le reconna\u00eet et l\u2019interpelle. Le juge d\u2019instruction re\u00e7oit le chauffard, et le place logiquement en d\u00e9tention provisoire\u2026 Mais, en f\u00e9vrier 2023, apr\u00e8s 8 mois derri\u00e8re les barreaux, une nouvelle d\u00e9cision judiciaire tombe. Et, sur la famille d\u2019Antoine, elle fait l\u2019effet d\u2019un coup par derri\u00e8re. Sur ordre du juge, Francky D. est\u2026 lib\u00e9r\u00e9 ! Sans aucune pr\u00e9caution vis-\u00e0-vis de sa dangerosit\u00e9, Francky D. peut rentrer tranquillement chez lui, en attendant son jugement\u2026 Une peine \u201clourde\u201d ? Vraiment ? Ce jeudi 28 novembre a \u00e9t\u00e9 rendu le jugement du tribunal judiciaire de Paris. Au terme de plusieurs semaines de d\u00e9bat, le tribunal a prononc\u00e9 une peine de 7 ans de prison ferme, alors qu\u2019il en encourait 10. Avec les remises de peine, cela signifie qu\u2019il fera probablement 4 ans et demi en tout et pour tout. S\u2019il se comporte bien en prison, il pourra m\u00eame demander une lib\u00e9ration conditionnelle dans 2 ans. Une peine ridicule. Ce multir\u00e9cidiviste, qui a d\u00e9truit une famille, pourra f\u00eater ses 30 ans chez lui entour\u00e9 de ses amis. Et je vous parie que les tribunaux le reverront bient\u00f4t ! Mais aussi \u00e9tonnant que cela puisse para\u00eetre, cette condamnation est consid\u00e9r\u00e9e comme \u201clourde\u201d&#8230; La soci\u00e9t\u00e9 ne reconna\u00eet pas ce qui s\u2019est pass\u00e9 En effet, la Justice ne condamne les chauffards qu\u2019\u00e0 des peines n\u00e9gligeables. Il y a un an, je rencontrais Coralie Pailh\u00e8s. Cette maman peut t\u00e9moigner du laxisme habituel de la Justice. Alors qu\u2019il se rendait chez un ami, son fils Lionel a \u00e9t\u00e9 tu\u00e9, \u00e0 18 ans, par un chauffard coca\u00efnomane. Malgr\u00e9 le drame qu\u2019il a engendr\u00e9, ce chauffard multir\u00e9cidiviste n\u2019a pass\u00e9 que 18 mois de prison. Une peine absolument d\u00e9risoire. Coralie Pailh\u00e8s avait d&rsquo;ailleurs t\u00e9moign\u00e9 de son histoire, truff\u00e9e d\u2019\u00e9l\u00e9ments compl\u00e8tement affolants. Vous pouvez le voir dans cette vid\u00e9o\u2026 Pour la famille d\u2019Antoine ou de Lionel, croyez-vous qu\u2019il est possible de faire son deuil lorsque la collectivit\u00e9 (\u00e0 travers la Justice) ne reconna\u00eet pas la gravit\u00e9 de ce qui est arriv\u00e9 ? Non, c\u2019est impossible. Quelques semaines apr\u00e8s la mort de son fils, Yannick All\u00e9no, d\u00e9crivait ce drame comme une perte \u201cimpossible\u201d et \u201cinacceptable\u201d pour lui. Cette peine immense, cet ab\u00eeme sans fond ne trouve pas d\u2019\u00e9cho dans nos institutions. Car nos institutions n\u2019ont d\u2019yeux que pour les coupables et n\u00e9gligent les victimes. La Justice ne cherche pas \u00e0 prononcer des peines \u201cjustes\u201d, mais ne cherche qu\u2019\u00e0 prononcer des peines qui r\u00e9habiliteront le d\u00e9linquant. La victime n\u2019a pas voix au chapitre. Un jour, ce sera peut-\u00eatre vous ou moi les victimes. Ne laissons pas notre Justice dans un tel \u00e9tat. Avec tout mon d\u00e9vouement, Pierre-Marie S\u00e8ve Mes commentaires Merci \u00e0 l\u2019Institut National de la Justice pour le soutien et l\u2019aide qu\u2019il apporte \u00e0 l\u2019association Lionel et les Autres Victimes de la Route. Des battants qui travaille avec le gouvernement, des personnes humaines qui se battent pour une vraie justice, ils ont<\/p>\n","protected":false},"author":2,"featured_media":53228,"comment_status":"open","ping_status":"open","sticky":false,"template":"","format":"standard","meta":{"_uag_custom_page_level_css":"","sfsi_plus_gutenberg_text_before_share":"","sfsi_plus_gutenberg_show_text_before_share":"","sfsi_plus_gutenberg_icon_type":"","sfsi_plus_gutenberg_icon_alignemt":"","sfsi_plus_gutenburg_max_per_row":"","_lmt_disableupdate":"no","_lmt_disable":"no","_monsterinsights_skip_tracking":false,"_monsterinsights_sitenote_active":false,"_monsterinsights_sitenote_note":"","_monsterinsights_sitenote_category":0,"site-sidebar-layout":"default","site-content-layout":"","ast-site-content-layout":"default","site-content-style":"default","site-sidebar-style":"default","ast-global-header-display":"","ast-banner-title-visibility":"","ast-main-header-display":"","ast-hfb-above-header-display":"","ast-hfb-below-header-display":"","ast-hfb-mobile-header-display":"","site-post-title":"","ast-breadcrumbs-content":"","ast-featured-img":"","footer-sml-layout":"","ast-disable-related-posts":"","theme-transparent-header-meta":"default","adv-header-id-meta":"","stick-header-meta":"","header-above-stick-meta":"","header-main-stick-meta":"","header-below-stick-meta":"","astra-migrate-meta-layouts":"set","ast-page-background-enabled":"default","ast-page-background-meta":{"desktop":{"background-color":"var(--ast-global-color-4)","background-image":"","background-repeat":"repeat","background-position":"center center","background-size":"auto","background-attachment":"scroll","background-type":"","background-media":"","overlay-type":"","overlay-color":"","overlay-opacity":"","overlay-gradient":""},"tablet":{"background-color":"","background-image":"","background-repeat":"repeat","background-position":"center center","background-size":"auto","background-attachment":"scroll","background-type":"","background-media":"","overlay-type":"","overlay-color":"","overlay-opacity":"","overlay-gradient":""},"mobile":{"background-color":"","background-image":"","background-repeat":"repeat","background-position":"center center","background-size":"auto","background-attachment":"scroll","background-type":"","background-media":"","overlay-type":"","overlay-color":"","overlay-opacity":"","overlay-gradient":""}},"ast-content-background-meta":{"desktop":{"background-color":"var(--ast-global-color-5)","background-image":"","background-repeat":"repeat","background-position":"center center","background-size":"auto","background-attachment":"scroll","background-type":"","background-media":"","overlay-type":"","overlay-color":"","overlay-opacity":"","overlay-gradient":""},"tablet":{"background-color":"var(--ast-global-color-5)","background-image":"","background-repeat":"repeat","background-position":"center center","background-size":"auto","background-attachment":"scroll","background-type":"","background-media":"","overlay-type":"","overlay-color":"","overlay-opacity":"","overlay-gradient":""},"mobile":{"background-color":"var(--ast-global-color-5)","background-image":"","background-repeat":"repeat","background-position":"center center","background-size":"auto","background-attachment":"scroll","background-type":"","background-media":"","overlay-type":"","overlay-color":"","overlay-opacity":"","overlay-gradient":""}},"iawp_total_views":0,"footnotes":""},"categories":[15],"tags":[],"class_list":["post-46615","post","type-post","status-publish","format-standard","has-post-thumbnail","hentry","category-en-page-daccueil"],"aioseo_notices":[],"modified_by":"Coralie PAILHES","uagb_featured_image_src":{"full":["https:\/\/lioneletlesautresvictimesdelaroute.fr\/justice\/wp-content\/uploads\/2024\/12\/INSTITUT-POUR-LA-JUSTICE.jpg",900,900,false],"thumbnail":["https:\/\/lioneletlesautresvictimesdelaroute.fr\/justice\/wp-content\/uploads\/2024\/12\/INSTITUT-POUR-LA-JUSTICE-150x150.jpg",150,150,true],"medium":["https:\/\/lioneletlesautresvictimesdelaroute.fr\/justice\/wp-content\/uploads\/2024\/12\/INSTITUT-POUR-LA-JUSTICE-300x300.jpg",300,300,true],"medium_large":["https:\/\/lioneletlesautresvictimesdelaroute.fr\/justice\/wp-content\/uploads\/2024\/12\/INSTITUT-POUR-LA-JUSTICE-768x768.jpg",768,768,true],"large":["https:\/\/lioneletlesautresvictimesdelaroute.fr\/justice\/wp-content\/uploads\/2024\/12\/INSTITUT-POUR-LA-JUSTICE.jpg",900,900,false],"1536x1536":["https:\/\/lioneletlesautresvictimesdelaroute.fr\/justice\/wp-content\/uploads\/2024\/12\/INSTITUT-POUR-LA-JUSTICE.jpg",900,900,false],"2048x2048":["https:\/\/lioneletlesautresvictimesdelaroute.fr\/justice\/wp-content\/uploads\/2024\/12\/INSTITUT-POUR-LA-JUSTICE.jpg",900,900,false]},"uagb_author_info":{"display_name":"Coralie PAILHES","author_link":"https:\/\/lioneletlesautresvictimesdelaroute.fr\/justice\/author\/edliojus01513\/"},"uagb_comment_info":0,"uagb_excerpt":"Message re\u00e7u par mail, de l&rsquo;Institut National de la Justice le 30 Novembre 2024. Ch\u00e8re Madame, cher Monsieur, La mort d\u2019Antoine All\u00e9no en mai 2022, n\u2019est pas simplement la mort d\u2019une personnalit\u00e9 publique (son p\u00e8re, Yannick, est un des plus grands cuisiniers fran\u00e7ais). C\u2019est aussi une mort 1 000 fois \u00e9vitable, r\u00e9sultat du laxisme habituel\u2026","rttpg_featured_image_url":{"full":["https:\/\/lioneletlesautresvictimesdelaroute.fr\/justice\/wp-content\/uploads\/2024\/12\/INSTITUT-POUR-LA-JUSTICE.jpg",900,900,false],"landscape":["https:\/\/lioneletlesautresvictimesdelaroute.fr\/justice\/wp-content\/uploads\/2024\/12\/INSTITUT-POUR-LA-JUSTICE.jpg",900,900,false],"portraits":["https:\/\/lioneletlesautresvictimesdelaroute.fr\/justice\/wp-content\/uploads\/2024\/12\/INSTITUT-POUR-LA-JUSTICE.jpg",900,900,false],"thumbnail":["https:\/\/lioneletlesautresvictimesdelaroute.fr\/justice\/wp-content\/uploads\/2024\/12\/INSTITUT-POUR-LA-JUSTICE-150x150.jpg",150,150,true],"medium":["https:\/\/lioneletlesautresvictimesdelaroute.fr\/justice\/wp-content\/uploads\/2024\/12\/INSTITUT-POUR-LA-JUSTICE-300x300.jpg",300,300,true],"large":["https:\/\/lioneletlesautresvictimesdelaroute.fr\/justice\/wp-content\/uploads\/2024\/12\/INSTITUT-POUR-LA-JUSTICE.jpg",900,900,false],"1536x1536":["https:\/\/lioneletlesautresvictimesdelaroute.fr\/justice\/wp-content\/uploads\/2024\/12\/INSTITUT-POUR-LA-JUSTICE.jpg",900,900,false],"2048x2048":["https:\/\/lioneletlesautresvictimesdelaroute.fr\/justice\/wp-content\/uploads\/2024\/12\/INSTITUT-POUR-LA-JUSTICE.jpg",900,900,false]},"rttpg_author":{"display_name":"Coralie PAILHES","author_link":"https:\/\/lioneletlesautresvictimesdelaroute.fr\/justice\/author\/edliojus01513\/"},"rttpg_comment":0,"rttpg_category":"<a href=\"https:\/\/lioneletlesautresvictimesdelaroute.fr\/justice\/category\/en-page-daccueil\/\" rel=\"category tag\">En page d'accueil<\/a>","rttpg_excerpt":"Message re\u00e7u par mail, de l&rsquo;Institut National de la Justice le 30 Novembre 2024. Ch\u00e8re Madame, cher Monsieur, La mort d\u2019Antoine All\u00e9no en mai 2022, n\u2019est pas simplement la mort d\u2019une personnalit\u00e9 publique (son p\u00e8re, Yannick, est un des plus grands cuisiniers fran\u00e7ais). C\u2019est aussi une mort 1 000 fois \u00e9vitable, r\u00e9sultat du laxisme habituel\u2026","_links":{"self":[{"href":"https:\/\/lioneletlesautresvictimesdelaroute.fr\/justice\/wp-json\/wp\/v2\/posts\/46615","targetHints":{"allow":["GET"]}}],"collection":[{"href":"https:\/\/lioneletlesautresvictimesdelaroute.fr\/justice\/wp-json\/wp\/v2\/posts"}],"about":[{"href":"https:\/\/lioneletlesautresvictimesdelaroute.fr\/justice\/wp-json\/wp\/v2\/types\/post"}],"author":[{"embeddable":true,"href":"https:\/\/lioneletlesautresvictimesdelaroute.fr\/justice\/wp-json\/wp\/v2\/users\/2"}],"replies":[{"embeddable":true,"href":"https:\/\/lioneletlesautresvictimesdelaroute.fr\/justice\/wp-json\/wp\/v2\/comments?post=46615"}],"version-history":[{"count":1,"href":"https:\/\/lioneletlesautresvictimesdelaroute.fr\/justice\/wp-json\/wp\/v2\/posts\/46615\/revisions"}],"predecessor-version":[{"id":53227,"href":"https:\/\/lioneletlesautresvictimesdelaroute.fr\/justice\/wp-json\/wp\/v2\/posts\/46615\/revisions\/53227"}],"wp:featuredmedia":[{"embeddable":true,"href":"https:\/\/lioneletlesautresvictimesdelaroute.fr\/justice\/wp-json\/wp\/v2\/media\/53228"}],"wp:attachment":[{"href":"https:\/\/lioneletlesautresvictimesdelaroute.fr\/justice\/wp-json\/wp\/v2\/media?parent=46615"}],"wp:term":[{"taxonomy":"category","embeddable":true,"href":"https:\/\/lioneletlesautresvictimesdelaroute.fr\/justice\/wp-json\/wp\/v2\/categories?post=46615"},{"taxonomy":"post_tag","embeddable":true,"href":"https:\/\/lioneletlesautresvictimesdelaroute.fr\/justice\/wp-json\/wp\/v2\/tags?post=46615"}],"curies":[{"name":"wp","href":"https:\/\/api.w.org\/{rel}","templated":true}]}}