{"id":47608,"date":"2025-03-05T16:07:37","date_gmt":"2025-03-05T15:07:37","guid":{"rendered":"https:\/\/lioneletlesautresvictimesdelaroute.fr\/justice\/?p=47608"},"modified":"2025-03-05T18:22:36","modified_gmt":"2025-03-05T17:22:36","slug":"code-de-la-route-deux-roues-inter-files-depuis-le-01-septembre-2024","status":"publish","type":"post","link":"https:\/\/lioneletlesautresvictimesdelaroute.fr\/justice\/code-de-la-route-deux-roues-inter-files-depuis-le-01-septembre-2024\/","title":{"rendered":"Code de la route : Deux roues, Inter-files depuis le 01 septembre 2024"},"content":{"rendered":"\t\t<div data-elementor-type=\"wp-post\" data-elementor-id=\"47608\" class=\"elementor elementor-47608\" data-elementor-settings=\"{&quot;ha_cmc_init_switcher&quot;:&quot;no&quot;}\">\n\t\t\t\t<div class=\"elementor-element elementor-element-59020cb e-flex e-con-boxed wpr-particle-no wpr-jarallax-no wpr-parallax-no wpr-sticky-section-no wpr-equal-height-no e-con e-parent\" data-id=\"59020cb\" data-element_type=\"container\" data-e-type=\"container\" data-settings=\"{&quot;_ha_eqh_enable&quot;:false}\">\n\t\t\t\t\t<div class=\"e-con-inner\">\n\t\t\t\t<div class=\"elementor-element elementor-element-b0f488f elementor-widget elementor-widget-heading\" data-id=\"b0f488f\" data-element_type=\"widget\" data-e-type=\"widget\" data-widget_type=\"heading.default\">\n\t\t\t\t<div class=\"elementor-widget-container\">\n\t\t\t\t\t<h2 class=\"elementor-heading-title elementor-size-default\">L\u2019inter-file, pour les motards et deux roues, c\u2019est fini !<\/h2>\t\t\t\t<\/div>\n\t\t\t\t<\/div>\n\t\t\t\t<div class=\"elementor-element elementor-element-b0511f1 elementor-widget elementor-widget-image\" data-id=\"b0511f1\" data-element_type=\"widget\" data-e-type=\"widget\" data-widget_type=\"image.default\">\n\t\t\t\t<div class=\"elementor-widget-container\">\n\t\t\t\t\t\t\t\t\t\t\t\t\t\t\t<img decoding=\"async\" src=\"https:\/\/lioneletlesautresvictimesdelaroute.fr\/justice\/wp-content\/plugins\/elementor\/assets\/images\/placeholder.png\" title=\"\" alt=\"\" loading=\"lazy\" \/>\t\t\t\t\t\t\t\t\t\t\t\t\t\t\t<\/div>\n\t\t\t\t<\/div>\n\t\t\t\t<div class=\"elementor-element elementor-element-7c6631e elementor-widget elementor-widget-text-editor\" data-id=\"7c6631e\" data-element_type=\"widget\" data-e-type=\"widget\" data-widget_type=\"text-editor.default\">\n\t\t\t\t<div class=\"elementor-widget-container\">\n\t\t\t\t\t\t\t\t\t<div class=\"elementor-element elementor-element-ab051f9 elementor-widget elementor-widget-text-editor\" data-id=\"ab051f9\" data-element_type=\"widget\" data-widget_type=\"text-editor.default\"><div class=\"elementor-widget-container\"><p>Depuis le 1<sup>er<\/sup> septembre 2024, l\u2019inter-file est interdite pour toutes les deux roues, au grand d\u00e9sespoir des motards.<\/p><p><br \/>La question que nous devons poser maintenant, c\u2019est de savoir si les forces de l\u2019ordre tol\u00e9reront toujours cette pratique. En effet, l\u2019inter-file n\u2019a jamais \u00e9t\u00e9 r\u00e9ellement autoris\u00e9. Cependant, cette pratique \u00e9tait tellement r\u00e9pandue que les forces de l\u2019ordre ne sanctionnaient presque jamais cette derni\u00e8re. Sauf dans le cas de slalomant entre les voitures.<\/p><p>Pratiqu\u00e9e depuis des d\u00e9cennies, cette derni\u00e8re a fini par s\u2019int\u00e9grer dans les <strong>habitudes<\/strong> des motards, des scooteurs et particuli\u00e8rement des v\u00e9los.<\/p><p>La fin de la p\u00e9riode de tol\u00e9rance sera la mi-septembre. Les deux et trois roues qui continueront \u00e0 circuler entre les files s\u2019exposeront donc \u00e0 des sanctions, malgr\u00e9 une possible tol\u00e9rance dans les premiers temps. Cette habitude de conduite pourrait \u00eatre consid\u00e9r\u00e9e comme un d\u00e9passement dangereux, une vitesse excessive ou un non-respect des distances de s\u00e9curit\u00e9. Les conducteurs pourraient alors recevoir une amende allant de 75 \u00e0 135\u00a0euros, accompagn\u00e9e d\u2019un retrait de trois \u00e0 huit points sur le permis de conduire.<\/p><\/div><\/div>\t\t\t\t\t\t\t\t<\/div>\n\t\t\t\t<\/div>\n\t\t\t\t\t<\/div>\n\t\t\t\t<\/div>\n\t\t\t\t<\/div>\n\t\t","protected":false},"excerpt":{"rendered":"<p>L\u2019inter-file, pour les motards et deux roues, c\u2019est fini ! Depuis le 1er septembre 2024, l\u2019inter-file est interdite pour toutes les deux roues, au grand d\u00e9sespoir des motards. La question que nous devons poser maintenant, c\u2019est de savoir si les forces de l\u2019ordre tol\u00e9reront toujours cette pratique. En effet, l\u2019inter-file n\u2019a jamais \u00e9t\u00e9 r\u00e9ellement autoris\u00e9. Cependant, cette pratique \u00e9tait tellement r\u00e9pandue que les forces de l\u2019ordre ne sanctionnaient presque jamais cette derni\u00e8re. Sauf dans le cas de slalomant entre les voitures. Pratiqu\u00e9e depuis des d\u00e9cennies, cette derni\u00e8re a fini par s\u2019int\u00e9grer dans les habitudes des motards, des scooteurs et particuli\u00e8rement des v\u00e9los. La fin de la p\u00e9riode de tol\u00e9rance sera la mi-septembre. Les deux et trois roues qui continueront \u00e0 circuler entre les files s\u2019exposeront donc \u00e0 des sanctions, malgr\u00e9 une possible tol\u00e9rance dans les premiers temps. Cette habitude de conduite pourrait \u00eatre consid\u00e9r\u00e9e comme un d\u00e9passement dangereux, une vitesse excessive ou un non-respect des distances de s\u00e9curit\u00e9. Les conducteurs pourraient alors recevoir une amende allant de 75 \u00e0 135\u00a0euros, accompagn\u00e9e d\u2019un retrait de trois \u00e0 huit points sur le permis de conduire.<\/p>\n","protected":false},"author":1,"featured_media":0,"comment_status":"open","ping_status":"open","sticky":false,"template":"","format":"standard","meta":{"_uag_custom_page_level_css":"","sfsi_plus_gutenberg_text_before_share":"","sfsi_plus_gutenberg_show_text_before_share":"","sfsi_plus_gutenberg_icon_type":"","sfsi_plus_gutenberg_icon_alignemt":"","sfsi_plus_gutenburg_max_per_row":"","_lmt_disableupdate":"","_lmt_disable":"","_monsterinsights_skip_tracking":false,"_monsterinsights_sitenote_active":false,"_monsterinsights_sitenote_note":"","_monsterinsights_sitenote_category":0,"site-sidebar-layout":"default","site-content-layout":"","ast-site-content-layout":"default","site-content-style":"default","site-sidebar-style":"default","ast-global-header-display":"","ast-banner-title-visibility":"","ast-main-header-display":"","ast-hfb-above-header-display":"","ast-hfb-below-header-display":"","ast-hfb-mobile-header-display":"","site-post-title":"","ast-breadcrumbs-content":"","ast-featured-img":"","footer-sml-layout":"","ast-disable-related-posts":"","theme-transparent-header-meta":"","adv-header-id-meta":"","stick-header-meta":"","header-above-stick-meta":"","header-main-stick-meta":"","header-below-stick-meta":"","astra-migrate-meta-layouts":"default","ast-page-background-enabled":"default","ast-page-background-meta":{"desktop":{"background-color":"var(--ast-global-color-4)","background-image":"","background-repeat":"repeat","background-position":"center center","background-size":"auto","background-attachment":"scroll","background-type":"","background-media":"","overlay-type":"","overlay-color":"","overlay-opacity":"","overlay-gradient":""},"tablet":{"background-color":"","background-image":"","background-repeat":"repeat","background-position":"center center","background-size":"auto","background-attachment":"scroll","background-type":"","background-media":"","overlay-type":"","overlay-color":"","overlay-opacity":"","overlay-gradient":""},"mobile":{"background-color":"","background-image":"","background-repeat":"repeat","background-position":"center center","background-size":"auto","background-attachment":"scroll","background-type":"","background-media":"","overlay-type":"","overlay-color":"","overlay-opacity":"","overlay-gradient":""}},"ast-content-background-meta":{"desktop":{"background-color":"var(--ast-global-color-5)","background-image":"","background-repeat":"repeat","background-position":"center center","background-size":"auto","background-attachment":"scroll","background-type":"","background-media":"","overlay-type":"","overlay-color":"","overlay-opacity":"","overlay-gradient":""},"tablet":{"background-color":"var(--ast-global-color-5)","background-image":"","background-repeat":"repeat","background-position":"center center","background-size":"auto","background-attachment":"scroll","background-type":"","background-media":"","overlay-type":"","overlay-color":"","overlay-opacity":"","overlay-gradient":""},"mobile":{"background-color":"var(--ast-global-color-5)","background-image":"","background-repeat":"repeat","background-position":"center center","background-size":"auto","background-attachment":"scroll","background-type":"","background-media":"","overlay-type":"","overlay-color":"","overlay-opacity":"","overlay-gradient":""}},"iawp_total_views":0,"footnotes":""},"categories":[1],"tags":[],"class_list":["post-47608","post","type-post","status-publish","format-standard","hentry","category-non-classe"],"aioseo_notices":[],"modified_by":"Michel BOUDRY","uagb_featured_image_src":{"full":false,"thumbnail":false,"medium":false,"medium_large":false,"large":false,"1536x1536":false,"2048x2048":false},"uagb_author_info":{"display_name":"Michel BOUDRY","author_link":"https:\/\/lioneletlesautresvictimesdelaroute.fr\/justice\/author\/wmliojustbdy208\/"},"uagb_comment_info":0,"uagb_excerpt":"L\u2019inter-file, pour les motards et deux roues, c\u2019est fini ! Depuis le 1er septembre 2024, l\u2019inter-file est interdite pour toutes les deux roues, au grand d\u00e9sespoir des motards. La question que nous devons poser maintenant, c\u2019est de savoir si les forces de l\u2019ordre tol\u00e9reront toujours cette pratique. En effet, l\u2019inter-file n\u2019a jamais \u00e9t\u00e9 r\u00e9ellement autoris\u00e9.\u2026","rttpg_featured_image_url":null,"rttpg_author":{"display_name":"Michel BOUDRY","author_link":"https:\/\/lioneletlesautresvictimesdelaroute.fr\/justice\/author\/wmliojustbdy208\/"},"rttpg_comment":0,"rttpg_category":"<a href=\"https:\/\/lioneletlesautresvictimesdelaroute.fr\/justice\/category\/non-classe\/\" rel=\"category tag\">Non class\u00e9<\/a>","rttpg_excerpt":"L\u2019inter-file, pour les motards et deux roues, c\u2019est fini ! Depuis le 1er septembre 2024, l\u2019inter-file est interdite pour toutes les deux roues, au grand d\u00e9sespoir des motards. La question que nous devons poser maintenant, c\u2019est de savoir si les forces de l\u2019ordre tol\u00e9reront toujours cette pratique. En effet, l\u2019inter-file n\u2019a jamais \u00e9t\u00e9 r\u00e9ellement autoris\u00e9.\u2026","_links":{"self":[{"href":"https:\/\/lioneletlesautresvictimesdelaroute.fr\/justice\/wp-json\/wp\/v2\/posts\/47608","targetHints":{"allow":["GET"]}}],"collection":[{"href":"https:\/\/lioneletlesautresvictimesdelaroute.fr\/justice\/wp-json\/wp\/v2\/posts"}],"about":[{"href":"https:\/\/lioneletlesautresvictimesdelaroute.fr\/justice\/wp-json\/wp\/v2\/types\/post"}],"author":[{"embeddable":true,"href":"https:\/\/lioneletlesautresvictimesdelaroute.fr\/justice\/wp-json\/wp\/v2\/users\/1"}],"replies":[{"embeddable":true,"href":"https:\/\/lioneletlesautresvictimesdelaroute.fr\/justice\/wp-json\/wp\/v2\/comments?post=47608"}],"version-history":[{"count":2,"href":"https:\/\/lioneletlesautresvictimesdelaroute.fr\/justice\/wp-json\/wp\/v2\/posts\/47608\/revisions"}],"predecessor-version":[{"id":47732,"href":"https:\/\/lioneletlesautresvictimesdelaroute.fr\/justice\/wp-json\/wp\/v2\/posts\/47608\/revisions\/47732"}],"wp:attachment":[{"href":"https:\/\/lioneletlesautresvictimesdelaroute.fr\/justice\/wp-json\/wp\/v2\/media?parent=47608"}],"wp:term":[{"taxonomy":"category","embeddable":true,"href":"https:\/\/lioneletlesautresvictimesdelaroute.fr\/justice\/wp-json\/wp\/v2\/categories?post=47608"},{"taxonomy":"post_tag","embeddable":true,"href":"https:\/\/lioneletlesautresvictimesdelaroute.fr\/justice\/wp-json\/wp\/v2\/tags?post=47608"}],"curies":[{"name":"wp","href":"https:\/\/api.w.org\/{rel}","templated":true}]}}