{"id":50795,"date":"2025-05-08T08:48:38","date_gmt":"2025-05-08T06:48:38","guid":{"rendered":"https:\/\/lioneletlesautresvictimesdelaroute.fr\/justice\/?p=50795"},"modified":"2025-05-08T08:54:09","modified_gmt":"2025-05-08T06:54:09","slug":"la-proposition-de-loi-sur-la-creation-dun-homicide-routier-examinee-a-lassemblee","status":"publish","type":"post","link":"https:\/\/lioneletlesautresvictimesdelaroute.fr\/justice\/la-proposition-de-loi-sur-la-creation-dun-homicide-routier-examinee-a-lassemblee\/","title":{"rendered":"La proposition de loi sur la cr\u00e9ation d\u2019un \u00abhomicide routier\u00bb examin\u00e9e \u00e0 l\u2019Assembl\u00e9e"},"content":{"rendered":"\t\t<div data-elementor-type=\"wp-post\" data-elementor-id=\"50795\" class=\"elementor elementor-50795\" data-elementor-settings=\"{&quot;ha_cmc_init_switcher&quot;:&quot;no&quot;}\">\n\t\t\t\t<div class=\"elementor-element elementor-element-2a75fdb e-flex e-con-boxed wpr-particle-no wpr-jarallax-no wpr-parallax-no wpr-sticky-section-no wpr-equal-height-no e-con e-parent\" data-id=\"2a75fdb\" data-element_type=\"container\" data-e-type=\"container\" data-settings=\"{&quot;_ha_eqh_enable&quot;:false}\">\n\t\t\t\t\t<div class=\"e-con-inner\">\n\t\t\t\t<div class=\"elementor-element elementor-element-7b3eec2 elementor-widget elementor-widget-heading\" data-id=\"7b3eec2\" data-element_type=\"widget\" data-e-type=\"widget\" data-widget_type=\"heading.default\">\n\t\t\t\t<div class=\"elementor-widget-container\">\n\t\t\t\t\t<h2 class=\"elementor-heading-title elementor-size-default\">Le terme d\u2019 \u00abhomicide routier\u00bb bient\u00f4t dans le Code P\u00e9nal\u00a0?<\/h2>\t\t\t\t<\/div>\n\t\t\t\t<\/div>\n\t\t\t\t<div class=\"elementor-element elementor-element-54e95fb elementor-widget elementor-widget-text-editor\" data-id=\"54e95fb\" data-element_type=\"widget\" data-e-type=\"widget\" data-widget_type=\"text-editor.default\">\n\t\t\t\t<div class=\"elementor-widget-container\">\n\t\t\t\t\t\t\t\t\t<p>L\u2019Assembl\u00e9e nationale \u00e9tudie ce mardi 6 mai une proposition de loi <em>\u00abcr\u00e9ant l\u2019homicide routier et visant \u00e0 lutter contre la violence routi\u00e8re\u00bb.<\/em> <br \/>Une semaine apr\u00e8s son adoption en Commission des Lois, le texte port\u00e9 par le parlementaire \u00c9ric Pauget (Les R\u00e9publicains) revient en deuxi\u00e8me lecture dans l\u2019H\u00e9micycle. Selon le rapport d\u00e9pos\u00e9 par la Commission le 30 avril, l\u2019objectif principal est <em>\u00abd\u2019aller dans le sens d\u2019une plus grande fermet\u00e9 envers les comportements dangereux\u00bb<\/em>, alors que 3431 personnes ont\u00a0<a href=\"http:\/\/www.lefigaro.fr\/faits-divers\/ain-un-bebe-de-18-mois-tue-lors-d-un-accident-de-la-route-le-conducteur-ivre-mis-en-examen-et-remis-en-liberte-20250312\" target=\"_blank\" rel=\"noopener\" data-fig-type=\"NewsFlash\" data-gtm-custom-categorie=\"navigation\" data-gtm-custom-action=\"crossclick\" data-gtm-custom-label=\"Contextuel\" data-gtm-event=\"customEventSPE\" data-fig-domain=\"LEFIGARO\" data-mrf-link=\"http:\/\/www.lefigaro.fr\/faits-divers\/ain-un-bebe-de-18-mois-tue-lors-d-un-accident-de-la-route-le-conducteur-ivre-mis-en-examen-et-remis-en-liberte-20250312\">trouv\u00e9 la mort sur les routes de France<\/a>\u00a0l\u2019an dernier.<\/p><p><a href=\"https:\/\/www.lefigaro.fr\/actualite-france\/la-proposition-de-loi-sur-la-creation-d-un-homicide-routier-examinee-a-l-assemblee-20250506\">Texte original \u00ab\u00a0Le Figaro\u00a0\u00bb<\/a><\/p>\t\t\t\t\t\t\t\t<\/div>\n\t\t\t\t<\/div>\n\t\t\t\t\t<\/div>\n\t\t\t\t<\/div>\n\t\t\t\t<\/div>\n\t\t","protected":false},"excerpt":{"rendered":"<p>Le terme d\u2019 \u00abhomicide routier\u00bb bient\u00f4t dans le Code P\u00e9nal\u00a0? L\u2019Assembl\u00e9e nationale \u00e9tudie ce mardi 6 mai une proposition de loi \u00abcr\u00e9ant l\u2019homicide routier et visant \u00e0 lutter contre la violence routi\u00e8re\u00bb. Une semaine apr\u00e8s son adoption en Commission des Lois, le texte port\u00e9 par le parlementaire \u00c9ric Pauget (Les R\u00e9publicains) revient en deuxi\u00e8me lecture dans l\u2019H\u00e9micycle. Selon le rapport d\u00e9pos\u00e9 par la Commission le 30 avril, l\u2019objectif principal est \u00abd\u2019aller dans le sens d\u2019une plus grande fermet\u00e9 envers les comportements dangereux\u00bb, alors que 3431 personnes ont\u00a0trouv\u00e9 la mort sur les routes de France\u00a0l\u2019an dernier. Texte original \u00ab\u00a0Le Figaro\u00a0\u00bb<\/p>\n","protected":false},"author":1,"featured_media":27059,"comment_status":"open","ping_status":"open","sticky":false,"template":"","format":"standard","meta":{"_uag_custom_page_level_css":"","sfsi_plus_gutenberg_text_before_share":"","sfsi_plus_gutenberg_show_text_before_share":"","sfsi_plus_gutenberg_icon_type":"","sfsi_plus_gutenberg_icon_alignemt":"","sfsi_plus_gutenburg_max_per_row":"","_lmt_disableupdate":"no","_lmt_disable":"no","_monsterinsights_skip_tracking":false,"_monsterinsights_sitenote_active":false,"_monsterinsights_sitenote_note":"","_monsterinsights_sitenote_category":0,"site-sidebar-layout":"default","site-content-layout":"","ast-site-content-layout":"default","site-content-style":"default","site-sidebar-style":"default","ast-global-header-display":"","ast-banner-title-visibility":"","ast-main-header-display":"","ast-hfb-above-header-display":"","ast-hfb-below-header-display":"","ast-hfb-mobile-header-display":"","site-post-title":"","ast-breadcrumbs-content":"","ast-featured-img":"","footer-sml-layout":"","ast-disable-related-posts":"","theme-transparent-header-meta":"default","adv-header-id-meta":"","stick-header-meta":"","header-above-stick-meta":"","header-main-stick-meta":"","header-below-stick-meta":"","astra-migrate-meta-layouts":"set","ast-page-background-enabled":"default","ast-page-background-meta":{"desktop":{"background-color":"var(--ast-global-color-4)","background-image":"","background-repeat":"repeat","background-position":"center center","background-size":"auto","background-attachment":"scroll","background-type":"","background-media":"","overlay-type":"","overlay-color":"","overlay-opacity":"","overlay-gradient":""},"tablet":{"background-color":"","background-image":"","background-repeat":"repeat","background-position":"center center","background-size":"auto","background-attachment":"scroll","background-type":"","background-media":"","overlay-type":"","overlay-color":"","overlay-opacity":"","overlay-gradient":""},"mobile":{"background-color":"","background-image":"","background-repeat":"repeat","background-position":"center center","background-size":"auto","background-attachment":"scroll","background-type":"","background-media":"","overlay-type":"","overlay-color":"","overlay-opacity":"","overlay-gradient":""}},"ast-content-background-meta":{"desktop":{"background-color":"var(--ast-global-color-5)","background-image":"","background-repeat":"repeat","background-position":"center center","background-size":"auto","background-attachment":"scroll","background-type":"","background-media":"","overlay-type":"","overlay-color":"","overlay-opacity":"","overlay-gradient":""},"tablet":{"background-color":"var(--ast-global-color-5)","background-image":"","background-repeat":"repeat","background-position":"center center","background-size":"auto","background-attachment":"scroll","background-type":"","background-media":"","overlay-type":"","overlay-color":"","overlay-opacity":"","overlay-gradient":""},"mobile":{"background-color":"var(--ast-global-color-5)","background-image":"","background-repeat":"repeat","background-position":"center center","background-size":"auto","background-attachment":"scroll","background-type":"","background-media":"","overlay-type":"","overlay-color":"","overlay-opacity":"","overlay-gradient":""}},"iawp_total_views":0,"footnotes":""},"categories":[15],"tags":[],"class_list":["post-50795","post","type-post","status-publish","format-standard","has-post-thumbnail","hentry","category-en-page-daccueil"],"aioseo_notices":[],"modified_by":"Michel BOUDRY","uagb_featured_image_src":{"full":["https:\/\/lioneletlesautresvictimesdelaroute.fr\/justice\/wp-content\/uploads\/2023\/07\/cropped-Assemblee_nationale_francaise-logo-1.png",1199,1060,false],"thumbnail":["https:\/\/lioneletlesautresvictimesdelaroute.fr\/justice\/wp-content\/uploads\/2023\/07\/cropped-Assemblee_nationale_francaise-logo-1-150x150.png",150,150,true],"medium":["https:\/\/lioneletlesautresvictimesdelaroute.fr\/justice\/wp-content\/uploads\/2023\/07\/cropped-Assemblee_nationale_francaise-logo-1-300x265.png",300,265,true],"medium_large":["https:\/\/lioneletlesautresvictimesdelaroute.fr\/justice\/wp-content\/uploads\/2023\/07\/cropped-Assemblee_nationale_francaise-logo-1-768x679.png",768,679,true],"large":["https:\/\/lioneletlesautresvictimesdelaroute.fr\/justice\/wp-content\/uploads\/2023\/07\/cropped-Assemblee_nationale_francaise-logo-1-1024x905.png",1024,905,true],"1536x1536":["https:\/\/lioneletlesautresvictimesdelaroute.fr\/justice\/wp-content\/uploads\/2023\/07\/cropped-Assemblee_nationale_francaise-logo-1.png",1199,1060,false],"2048x2048":["https:\/\/lioneletlesautresvictimesdelaroute.fr\/justice\/wp-content\/uploads\/2023\/07\/cropped-Assemblee_nationale_francaise-logo-1.png",1199,1060,false]},"uagb_author_info":{"display_name":"Michel BOUDRY","author_link":"https:\/\/lioneletlesautresvictimesdelaroute.fr\/justice\/author\/wmliojustbdy208\/"},"uagb_comment_info":0,"uagb_excerpt":"Le terme d\u2019 \u00abhomicide routier\u00bb bient\u00f4t dans le Code P\u00e9nal\u00a0? L\u2019Assembl\u00e9e nationale \u00e9tudie ce mardi 6 mai une proposition de loi \u00abcr\u00e9ant l\u2019homicide routier et visant \u00e0 lutter contre la violence routi\u00e8re\u00bb. Une semaine apr\u00e8s son adoption en Commission des Lois, le texte port\u00e9 par le parlementaire \u00c9ric Pauget (Les R\u00e9publicains) revient en deuxi\u00e8me lecture\u2026","rttpg_featured_image_url":{"full":["https:\/\/lioneletlesautresvictimesdelaroute.fr\/justice\/wp-content\/uploads\/2023\/07\/cropped-Assemblee_nationale_francaise-logo-1.png",1199,1060,false],"landscape":["https:\/\/lioneletlesautresvictimesdelaroute.fr\/justice\/wp-content\/uploads\/2023\/07\/cropped-Assemblee_nationale_francaise-logo-1.png",1199,1060,false],"portraits":["https:\/\/lioneletlesautresvictimesdelaroute.fr\/justice\/wp-content\/uploads\/2023\/07\/cropped-Assemblee_nationale_francaise-logo-1.png",1199,1060,false],"thumbnail":["https:\/\/lioneletlesautresvictimesdelaroute.fr\/justice\/wp-content\/uploads\/2023\/07\/cropped-Assemblee_nationale_francaise-logo-1-150x150.png",150,150,true],"medium":["https:\/\/lioneletlesautresvictimesdelaroute.fr\/justice\/wp-content\/uploads\/2023\/07\/cropped-Assemblee_nationale_francaise-logo-1-300x265.png",300,265,true],"large":["https:\/\/lioneletlesautresvictimesdelaroute.fr\/justice\/wp-content\/uploads\/2023\/07\/cropped-Assemblee_nationale_francaise-logo-1-1024x905.png",1024,905,true],"1536x1536":["https:\/\/lioneletlesautresvictimesdelaroute.fr\/justice\/wp-content\/uploads\/2023\/07\/cropped-Assemblee_nationale_francaise-logo-1.png",1199,1060,false],"2048x2048":["https:\/\/lioneletlesautresvictimesdelaroute.fr\/justice\/wp-content\/uploads\/2023\/07\/cropped-Assemblee_nationale_francaise-logo-1.png",1199,1060,false]},"rttpg_author":{"display_name":"Michel BOUDRY","author_link":"https:\/\/lioneletlesautresvictimesdelaroute.fr\/justice\/author\/wmliojustbdy208\/"},"rttpg_comment":0,"rttpg_category":"<a href=\"https:\/\/lioneletlesautresvictimesdelaroute.fr\/justice\/category\/en-page-daccueil\/\" rel=\"category tag\">En page d'accueil<\/a>","rttpg_excerpt":"Le terme d\u2019 \u00abhomicide routier\u00bb bient\u00f4t dans le Code P\u00e9nal\u00a0? L\u2019Assembl\u00e9e nationale \u00e9tudie ce mardi 6 mai une proposition de loi \u00abcr\u00e9ant l\u2019homicide routier et visant \u00e0 lutter contre la violence routi\u00e8re\u00bb. Une semaine apr\u00e8s son adoption en Commission des Lois, le texte port\u00e9 par le parlementaire \u00c9ric Pauget (Les R\u00e9publicains) revient en deuxi\u00e8me lecture\u2026","_links":{"self":[{"href":"https:\/\/lioneletlesautresvictimesdelaroute.fr\/justice\/wp-json\/wp\/v2\/posts\/50795","targetHints":{"allow":["GET"]}}],"collection":[{"href":"https:\/\/lioneletlesautresvictimesdelaroute.fr\/justice\/wp-json\/wp\/v2\/posts"}],"about":[{"href":"https:\/\/lioneletlesautresvictimesdelaroute.fr\/justice\/wp-json\/wp\/v2\/types\/post"}],"author":[{"embeddable":true,"href":"https:\/\/lioneletlesautresvictimesdelaroute.fr\/justice\/wp-json\/wp\/v2\/users\/1"}],"replies":[{"embeddable":true,"href":"https:\/\/lioneletlesautresvictimesdelaroute.fr\/justice\/wp-json\/wp\/v2\/comments?post=50795"}],"version-history":[{"count":2,"href":"https:\/\/lioneletlesautresvictimesdelaroute.fr\/justice\/wp-json\/wp\/v2\/posts\/50795\/revisions"}],"predecessor-version":[{"id":50800,"href":"https:\/\/lioneletlesautresvictimesdelaroute.fr\/justice\/wp-json\/wp\/v2\/posts\/50795\/revisions\/50800"}],"wp:featuredmedia":[{"embeddable":true,"href":"https:\/\/lioneletlesautresvictimesdelaroute.fr\/justice\/wp-json\/wp\/v2\/media\/27059"}],"wp:attachment":[{"href":"https:\/\/lioneletlesautresvictimesdelaroute.fr\/justice\/wp-json\/wp\/v2\/media?parent=50795"}],"wp:term":[{"taxonomy":"category","embeddable":true,"href":"https:\/\/lioneletlesautresvictimesdelaroute.fr\/justice\/wp-json\/wp\/v2\/categories?post=50795"},{"taxonomy":"post_tag","embeddable":true,"href":"https:\/\/lioneletlesautresvictimesdelaroute.fr\/justice\/wp-json\/wp\/v2\/tags?post=50795"}],"curies":[{"name":"wp","href":"https:\/\/api.w.org\/{rel}","templated":true}]}}