{"id":53188,"date":"2025-07-28T14:25:12","date_gmt":"2025-07-28T12:25:12","guid":{"rendered":"https:\/\/lioneletlesautresvictimesdelaroute.fr\/justice\/?p=53188"},"modified":"2025-07-28T14:51:20","modified_gmt":"2025-07-28T12:51:20","slug":"journal-sud-ouest-du-28-juillet-2025","status":"publish","type":"post","link":"https:\/\/lioneletlesautresvictimesdelaroute.fr\/justice\/journal-sud-ouest-du-28-juillet-2025\/","title":{"rendered":"Journal Sud-Ouest du 28 juillet 2025"},"content":{"rendered":"\t\t<div data-elementor-type=\"wp-post\" data-elementor-id=\"53188\" class=\"elementor elementor-53188\" data-elementor-settings=\"{&quot;ha_cmc_init_switcher&quot;:&quot;no&quot;}\">\n\t\t\t\t<div class=\"elementor-element elementor-element-64f1b1a e-flex e-con-boxed wpr-particle-no wpr-jarallax-no wpr-parallax-no wpr-sticky-section-no wpr-equal-height-no e-con e-parent\" data-id=\"64f1b1a\" data-element_type=\"container\" data-e-type=\"container\" data-settings=\"{&quot;_ha_eqh_enable&quot;:false}\">\n\t\t\t\t\t<div class=\"e-con-inner\">\n\t\t\t\t<div class=\"elementor-element elementor-element-28e8d25 elementor-widget elementor-widget-heading\" data-id=\"28e8d25\" data-element_type=\"widget\" data-e-type=\"widget\" data-widget_type=\"heading.default\">\n\t\t\t\t<div class=\"elementor-widget-container\">\n\t\t\t\t\t<h2 class=\"elementor-heading-title elementor-size-default\">Homicide Routier <\/h2>\t\t\t\t<\/div>\n\t\t\t\t<\/div>\n\t\t\t\t<div class=\"elementor-element elementor-element-18436a5 elementor-widget elementor-widget-button\" data-id=\"18436a5\" data-element_type=\"widget\" data-e-type=\"widget\" data-widget_type=\"button.default\">\n\t\t\t\t<div class=\"elementor-widget-container\">\n\t\t\t\t\t\t\t\t\t<div class=\"elementor-button-wrapper\">\n\t\t\t\t\t<a class=\"elementor-button elementor-button-link elementor-size-sm\" href=\"https:\/\/www.sudouest.fr\/faits-divers\/accident-mortel-a-lacanau-le-conducteur-mis-en-examen-pour-homicide-routier-25391848.php\">\n\t\t\t\t\t\t<span class=\"elementor-button-content-wrapper\">\n\t\t\t\t\t\t\t\t\t<span class=\"elementor-button-text\">Lire cet article de presse<\/span>\n\t\t\t\t\t<\/span>\n\t\t\t\t\t<\/a>\n\t\t\t\t<\/div>\n\t\t\t\t\t\t\t\t<\/div>\n\t\t\t\t<\/div>\n\t\t\t\t<div class=\"elementor-element elementor-element-1e843f5 elementor-widget elementor-widget-text-editor\" data-id=\"1e843f5\" data-element_type=\"widget\" data-e-type=\"widget\" data-widget_type=\"text-editor.default\">\n\t\t\t\t<div class=\"elementor-widget-container\">\n\t\t\t\t\t\t\t\t\t<p>Encore un exemple de la violence routi\u00e8re, un parmi les dizaines qui se passent chaque jours&#8230; La nouvelle qualification de cet accident et maintenant pass\u00e9 de Homicide Involontaire a Homicide Routier.<\/p><p>Une tr\u00e8s grande avanc\u00e9e pour les familles de victimes.<\/p><p>Prenons l&rsquo;exemple paru dans le journal Sud-Ouest de ce jour le 28 juillet 2025.<\/p><p>\u00a0\u00c9lisa Artigue-Cazcarra &#8211; e.cazcarra@sudouest.fr &#8211; <time datetime=\"2025-07-27T20:34:52+02:00\">Publi\u00e9 le 27\/07\/2025\u00a0<\/time><\/p>\t\t\t\t\t\t\t\t<\/div>\n\t\t\t\t<\/div>\n\t\t\t\t\t<\/div>\n\t\t\t\t<\/div>\n\t\t\t\t<\/div>\n\t\t","protected":false},"excerpt":{"rendered":"<p>Homicide Routier Lire cet article de presse Encore un exemple de la violence routi\u00e8re, un parmi les dizaines qui se passent chaque jours&#8230; La nouvelle qualification de cet accident et maintenant pass\u00e9 de Homicide Involontaire a Homicide Routier. Une tr\u00e8s grande avanc\u00e9e pour les familles de victimes. Prenons l&rsquo;exemple paru dans le journal Sud-Ouest de ce jour le 28 juillet 2025. \u00a0\u00c9lisa Artigue-Cazcarra &#8211; e.cazcarra@sudouest.fr &#8211; Publi\u00e9 le 27\/07\/2025\u00a0<\/p>\n","protected":false},"author":2,"featured_media":53199,"comment_status":"open","ping_status":"open","sticky":false,"template":"","format":"standard","meta":{"_uag_custom_page_level_css":"","sfsi_plus_gutenberg_text_before_share":"","sfsi_plus_gutenberg_show_text_before_share":"","sfsi_plus_gutenberg_icon_type":"","sfsi_plus_gutenberg_icon_alignemt":"","sfsi_plus_gutenburg_max_per_row":"","_lmt_disableupdate":"no","_lmt_disable":"no","_monsterinsights_skip_tracking":false,"_monsterinsights_sitenote_active":false,"_monsterinsights_sitenote_note":"","_monsterinsights_sitenote_category":0,"site-sidebar-layout":"default","site-content-layout":"","ast-site-content-layout":"default","site-content-style":"default","site-sidebar-style":"default","ast-global-header-display":"","ast-banner-title-visibility":"","ast-main-header-display":"","ast-hfb-above-header-display":"","ast-hfb-below-header-display":"","ast-hfb-mobile-header-display":"","site-post-title":"","ast-breadcrumbs-content":"","ast-featured-img":"","footer-sml-layout":"","ast-disable-related-posts":"","theme-transparent-header-meta":"default","adv-header-id-meta":"","stick-header-meta":"","header-above-stick-meta":"","header-main-stick-meta":"","header-below-stick-meta":"","astra-migrate-meta-layouts":"set","ast-page-background-enabled":"default","ast-page-background-meta":{"desktop":{"background-color":"var(--ast-global-color-4)","background-image":"","background-repeat":"repeat","background-position":"center center","background-size":"auto","background-attachment":"scroll","background-type":"","background-media":"","overlay-type":"","overlay-color":"","overlay-opacity":"","overlay-gradient":""},"tablet":{"background-color":"","background-image":"","background-repeat":"repeat","background-position":"center center","background-size":"auto","background-attachment":"scroll","background-type":"","background-media":"","overlay-type":"","overlay-color":"","overlay-opacity":"","overlay-gradient":""},"mobile":{"background-color":"","background-image":"","background-repeat":"repeat","background-position":"center center","background-size":"auto","background-attachment":"scroll","background-type":"","background-media":"","overlay-type":"","overlay-color":"","overlay-opacity":"","overlay-gradient":""}},"ast-content-background-meta":{"desktop":{"background-color":"var(--ast-global-color-5)","background-image":"","background-repeat":"repeat","background-position":"center center","background-size":"auto","background-attachment":"scroll","background-type":"","background-media":"","overlay-type":"","overlay-color":"","overlay-opacity":"","overlay-gradient":""},"tablet":{"background-color":"var(--ast-global-color-5)","background-image":"","background-repeat":"repeat","background-position":"center center","background-size":"auto","background-attachment":"scroll","background-type":"","background-media":"","overlay-type":"","overlay-color":"","overlay-opacity":"","overlay-gradient":""},"mobile":{"background-color":"var(--ast-global-color-5)","background-image":"","background-repeat":"repeat","background-position":"center center","background-size":"auto","background-attachment":"scroll","background-type":"","background-media":"","overlay-type":"","overlay-color":"","overlay-opacity":"","overlay-gradient":""}},"iawp_total_views":2,"footnotes":""},"categories":[15],"tags":[],"class_list":["post-53188","post","type-post","status-publish","format-standard","has-post-thumbnail","hentry","category-en-page-daccueil"],"aioseo_notices":[],"modified_by":"Coralie PAILHES","uagb_featured_image_src":{"full":["https:\/\/lioneletlesautresvictimesdelaroute.fr\/justice\/wp-content\/uploads\/2025\/07\/sudouest-photo-1-33431171.jpg",1000,500,false],"thumbnail":["https:\/\/lioneletlesautresvictimesdelaroute.fr\/justice\/wp-content\/uploads\/2025\/07\/sudouest-photo-1-33431171-150x150.jpg",150,150,true],"medium":["https:\/\/lioneletlesautresvictimesdelaroute.fr\/justice\/wp-content\/uploads\/2025\/07\/sudouest-photo-1-33431171-300x150.jpg",300,150,true],"medium_large":["https:\/\/lioneletlesautresvictimesdelaroute.fr\/justice\/wp-content\/uploads\/2025\/07\/sudouest-photo-1-33431171-768x384.jpg",768,384,true],"large":["https:\/\/lioneletlesautresvictimesdelaroute.fr\/justice\/wp-content\/uploads\/2025\/07\/sudouest-photo-1-33431171.jpg",1000,500,false],"1536x1536":["https:\/\/lioneletlesautresvictimesdelaroute.fr\/justice\/wp-content\/uploads\/2025\/07\/sudouest-photo-1-33431171.jpg",1000,500,false],"2048x2048":["https:\/\/lioneletlesautresvictimesdelaroute.fr\/justice\/wp-content\/uploads\/2025\/07\/sudouest-photo-1-33431171.jpg",1000,500,false]},"uagb_author_info":{"display_name":"Coralie PAILHES","author_link":"https:\/\/lioneletlesautresvictimesdelaroute.fr\/justice\/author\/edliojus01513\/"},"uagb_comment_info":0,"uagb_excerpt":"Homicide Routier Lire cet article de presse Encore un exemple de la violence routi\u00e8re, un parmi les dizaines qui se passent chaque jours&#8230; La nouvelle qualification de cet accident et maintenant pass\u00e9 de Homicide Involontaire a Homicide Routier. Une tr\u00e8s grande avanc\u00e9e pour les familles de victimes. Prenons l&rsquo;exemple paru dans le journal Sud-Ouest de\u2026","rttpg_featured_image_url":{"full":["https:\/\/lioneletlesautresvictimesdelaroute.fr\/justice\/wp-content\/uploads\/2025\/07\/sudouest-photo-1-33431171.jpg",1000,500,false],"landscape":["https:\/\/lioneletlesautresvictimesdelaroute.fr\/justice\/wp-content\/uploads\/2025\/07\/sudouest-photo-1-33431171.jpg",1000,500,false],"portraits":["https:\/\/lioneletlesautresvictimesdelaroute.fr\/justice\/wp-content\/uploads\/2025\/07\/sudouest-photo-1-33431171.jpg",1000,500,false],"thumbnail":["https:\/\/lioneletlesautresvictimesdelaroute.fr\/justice\/wp-content\/uploads\/2025\/07\/sudouest-photo-1-33431171-150x150.jpg",150,150,true],"medium":["https:\/\/lioneletlesautresvictimesdelaroute.fr\/justice\/wp-content\/uploads\/2025\/07\/sudouest-photo-1-33431171-300x150.jpg",300,150,true],"large":["https:\/\/lioneletlesautresvictimesdelaroute.fr\/justice\/wp-content\/uploads\/2025\/07\/sudouest-photo-1-33431171.jpg",1000,500,false],"1536x1536":["https:\/\/lioneletlesautresvictimesdelaroute.fr\/justice\/wp-content\/uploads\/2025\/07\/sudouest-photo-1-33431171.jpg",1000,500,false],"2048x2048":["https:\/\/lioneletlesautresvictimesdelaroute.fr\/justice\/wp-content\/uploads\/2025\/07\/sudouest-photo-1-33431171.jpg",1000,500,false]},"rttpg_author":{"display_name":"Coralie PAILHES","author_link":"https:\/\/lioneletlesautresvictimesdelaroute.fr\/justice\/author\/edliojus01513\/"},"rttpg_comment":0,"rttpg_category":"<a href=\"https:\/\/lioneletlesautresvictimesdelaroute.fr\/justice\/category\/en-page-daccueil\/\" rel=\"category tag\">En page d'accueil<\/a>","rttpg_excerpt":"Homicide Routier Lire cet article de presse Encore un exemple de la violence routi\u00e8re, un parmi les dizaines qui se passent chaque jours&#8230; La nouvelle qualification de cet accident et maintenant pass\u00e9 de Homicide Involontaire a Homicide Routier. Une tr\u00e8s grande avanc\u00e9e pour les familles de victimes. Prenons l&rsquo;exemple paru dans le journal Sud-Ouest de\u2026","_links":{"self":[{"href":"https:\/\/lioneletlesautresvictimesdelaroute.fr\/justice\/wp-json\/wp\/v2\/posts\/53188","targetHints":{"allow":["GET"]}}],"collection":[{"href":"https:\/\/lioneletlesautresvictimesdelaroute.fr\/justice\/wp-json\/wp\/v2\/posts"}],"about":[{"href":"https:\/\/lioneletlesautresvictimesdelaroute.fr\/justice\/wp-json\/wp\/v2\/types\/post"}],"author":[{"embeddable":true,"href":"https:\/\/lioneletlesautresvictimesdelaroute.fr\/justice\/wp-json\/wp\/v2\/users\/2"}],"replies":[{"embeddable":true,"href":"https:\/\/lioneletlesautresvictimesdelaroute.fr\/justice\/wp-json\/wp\/v2\/comments?post=53188"}],"version-history":[{"count":2,"href":"https:\/\/lioneletlesautresvictimesdelaroute.fr\/justice\/wp-json\/wp\/v2\/posts\/53188\/revisions"}],"predecessor-version":[{"id":53220,"href":"https:\/\/lioneletlesautresvictimesdelaroute.fr\/justice\/wp-json\/wp\/v2\/posts\/53188\/revisions\/53220"}],"wp:featuredmedia":[{"embeddable":true,"href":"https:\/\/lioneletlesautresvictimesdelaroute.fr\/justice\/wp-json\/wp\/v2\/media\/53199"}],"wp:attachment":[{"href":"https:\/\/lioneletlesautresvictimesdelaroute.fr\/justice\/wp-json\/wp\/v2\/media?parent=53188"}],"wp:term":[{"taxonomy":"category","embeddable":true,"href":"https:\/\/lioneletlesautresvictimesdelaroute.fr\/justice\/wp-json\/wp\/v2\/categories?post=53188"},{"taxonomy":"post_tag","embeddable":true,"href":"https:\/\/lioneletlesautresvictimesdelaroute.fr\/justice\/wp-json\/wp\/v2\/tags?post=53188"}],"curies":[{"name":"wp","href":"https:\/\/api.w.org\/{rel}","templated":true}]}}