{"id":53296,"date":"2025-09-02T14:03:43","date_gmt":"2025-09-02T12:03:43","guid":{"rendered":"https:\/\/lioneletlesautresvictimesdelaroute.fr\/justice\/?p=53296"},"modified":"2025-11-10T15:10:57","modified_gmt":"2025-11-10T14:10:57","slug":"durcissement-du-code-de-la-route-visite-medicale-obligatoire-pour-les-personnes-agees-de-plus-de-65-ans","status":"publish","type":"post","link":"https:\/\/lioneletlesautresvictimesdelaroute.fr\/justice\/durcissement-du-code-de-la-route-visite-medicale-obligatoire-pour-les-personnes-agees-de-plus-de-65-ans\/","title":{"rendered":"Durcissement du Code de la Route : Visite m\u00e9dicale obligatoire pour les personnes \u00e2g\u00e9es de plus de 65 ans."},"content":{"rendered":"\t\t<div data-elementor-type=\"wp-post\" data-elementor-id=\"53296\" class=\"elementor elementor-53296\" data-elementor-settings=\"{&quot;ha_cmc_init_switcher&quot;:&quot;no&quot;}\">\n\t\t\t\t<div class=\"elementor-element elementor-element-b4fd966 e-flex e-con-boxed wpr-particle-no wpr-jarallax-no wpr-parallax-no wpr-sticky-section-no wpr-equal-height-no e-con e-parent\" data-id=\"b4fd966\" data-element_type=\"container\" data-e-type=\"container\" data-settings=\"{&quot;_ha_eqh_enable&quot;:false}\">\n\t\t\t\t\t<div class=\"e-con-inner\">\n\t\t<div class=\"elementor-element elementor-element-bcf24ac e-con-full e-flex wpr-particle-no wpr-jarallax-no wpr-parallax-no wpr-sticky-section-no wpr-equal-height-no e-con e-child\" data-id=\"bcf24ac\" data-element_type=\"container\" data-e-type=\"container\" data-settings=\"{&quot;_ha_eqh_enable&quot;:false}\">\n\t\t\t\t<div class=\"elementor-element elementor-element-3c31720 elementor-widget elementor-widget-image\" data-id=\"3c31720\" data-element_type=\"widget\" data-e-type=\"widget\" data-widget_type=\"image.default\">\n\t\t\t\t<div class=\"elementor-widget-container\">\n\t\t\t\t\t\t\t\t\t\t\t\t\t\t\t<img decoding=\"async\" width=\"150\" height=\"150\" src=\"https:\/\/lioneletlesautresvictimesdelaroute.fr\/justice\/wp-content\/uploads\/2023\/09\/code-rousseau-150x150.jpg\" class=\"attachment-thumbnail size-thumbnail wp-image-26888\" alt=\"Livre &quot;Le code de la route ROUSSEAU&quot; \u00c9dition 2023 Couverture\" \/>\t\t\t\t\t\t\t\t\t\t\t\t\t\t\t<\/div>\n\t\t\t\t<\/div>\n\t\t\t\t<\/div>\n\t\t<div class=\"elementor-element elementor-element-ddf5afc e-con-full e-flex wpr-particle-no wpr-jarallax-no wpr-parallax-no wpr-sticky-section-no wpr-equal-height-no e-con e-child\" data-id=\"ddf5afc\" data-element_type=\"container\" data-e-type=\"container\" data-settings=\"{&quot;_ha_eqh_enable&quot;:false}\">\n\t\t\t\t<div class=\"elementor-element elementor-element-300aa07 elementor-widget elementor-widget-heading\" data-id=\"300aa07\" data-element_type=\"widget\" data-e-type=\"widget\" data-widget_type=\"heading.default\">\n\t\t\t\t<div class=\"elementor-widget-container\">\n\t\t\t\t\t<h2 class=\"elementor-heading-title elementor-size-default\">Pour les personnes titulaires du permis de conduire <\/h2>\t\t\t\t<\/div>\n\t\t\t\t<\/div>\n\t\t\t\t<\/div>\n\t\t\t\t\t<\/div>\n\t\t\t\t<\/div>\n\t\t<div class=\"elementor-element elementor-element-63f759e e-flex e-con-boxed wpr-particle-no wpr-jarallax-no wpr-parallax-no wpr-sticky-section-no wpr-equal-height-no e-con e-parent\" data-id=\"63f759e\" data-element_type=\"container\" data-e-type=\"container\" data-settings=\"{&quot;_ha_eqh_enable&quot;:false}\">\n\t\t\t\t\t<div class=\"e-con-inner\">\n\t\t\t\t<div class=\"elementor-element elementor-element-111cc49 elementor-widget elementor-widget-text-editor\" data-id=\"111cc49\" data-element_type=\"widget\" data-e-type=\"widget\" data-widget_type=\"text-editor.default\">\n\t\t\t\t<div class=\"elementor-widget-container\">\n\t\t\t\t\t\t\t\t\t<p>La France est actuellement en train de d\u00e9finir l\u2019\u00e2ge l\u00e9gal pour pouvoir conduire dans le cadre des seniors. Sachez Que nos voisins Espagnol au-del\u00e0 des Pyr\u00e9n\u00e9es Ont Prix diff\u00e9rentes mesures.<br \/>Ce pays frontalier avec la France va adopter un nouveau Code de la route beaucoup plus r\u00e9pressif pour am\u00e9liorer la s\u00e9curit\u00e9 sur ses routes.<\/p><p>L&rsquo;Espagne est partie en guerre contre les seniors :<\/p><ul><li style=\"list-style-type: none;\"><ul><li>responsables de l&rsquo;autre c\u00f4t\u00e9 des Pyr\u00e9n\u00e9es d&rsquo;une grande part des accidents de la circulation<\/li><li>un autre pays proche de la France durcit les r\u00e8gles de son Code de la route.<\/li><\/ul><\/li><\/ul><p>Mais cette fois il ne s&rsquo;agit pas d&rsquo;imposer plus d&rsquo;examens m\u00e9dicaux aux automobilistes pour mesurer leur aptitude \u00e0 conduire une voiture mais de punir davantage les infractions constat\u00e9es sur les routes. Approuv\u00e9 par le S\u00e9nat le 20\u00a0novembre avant d&rsquo;\u00eatre publi\u00e9 au Journal Officiel le 29, le nouveau texte de loi est entr\u00e9\u00a0en vigueur le 14\u00a0d\u00e9cembre. De nombreuses fautes commises par les automobilistes sont d\u00e9sormais beaucoup plus s\u00e9v\u00e8rement punies.\u00a0\u00bb<\/p><p><a href=\"https:\/\/www.linternaute.com\/auto\/permis\/6795698-nouveau-code-de-la-route\/\">Article \u00e0 lire &#8230;<\/a><br \/><strong>Pourquoi la m\u00eame chose, ne se passe pas en France\u00a0?<\/strong><br \/>\u00c0 la veille des \u00e9lections municipales peut-\u00eatre que nos \u00e9lus seront int\u00e9ress\u00e9s par la s\u00e9curit\u00e9 routi\u00e8re Cette r\u00e9flexion fera l\u2019objet d\u2019un article beaucoup plus important et document\u00e9s.<\/p>\t\t\t\t\t\t\t\t<\/div>\n\t\t\t\t<\/div>\n\t\t\t\t\t<\/div>\n\t\t\t\t<\/div>\n\t\t\t\t<\/div>\n\t\t","protected":false},"excerpt":{"rendered":"<p>Pour les personnes titulaires du permis de conduire La France est actuellement en train de d\u00e9finir l\u2019\u00e2ge l\u00e9gal pour pouvoir conduire dans le cadre des seniors. Sachez Que nos voisins Espagnol au-del\u00e0 des Pyr\u00e9n\u00e9es Ont Prix diff\u00e9rentes mesures.Ce pays frontalier avec la France va adopter un nouveau Code de la route beaucoup plus r\u00e9pressif pour am\u00e9liorer la s\u00e9curit\u00e9 sur ses routes. L&rsquo;Espagne est partie en guerre contre les seniors : responsables de l&rsquo;autre c\u00f4t\u00e9 des Pyr\u00e9n\u00e9es d&rsquo;une grande part des accidents de la circulation un autre pays proche de la France durcit les r\u00e8gles de son Code de la route. Mais cette fois il ne s&rsquo;agit pas d&rsquo;imposer plus d&rsquo;examens m\u00e9dicaux aux automobilistes pour mesurer leur aptitude \u00e0 conduire une voiture mais de punir davantage les infractions constat\u00e9es sur les routes. Approuv\u00e9 par le S\u00e9nat le 20\u00a0novembre avant d&rsquo;\u00eatre publi\u00e9 au Journal Officiel le 29, le nouveau texte de loi est entr\u00e9\u00a0en vigueur le 14\u00a0d\u00e9cembre. De nombreuses fautes commises par les automobilistes sont d\u00e9sormais beaucoup plus s\u00e9v\u00e8rement punies.\u00a0\u00bb Article \u00e0 lire &#8230;Pourquoi la m\u00eame chose, ne se passe pas en France\u00a0?\u00c0 la veille des \u00e9lections municipales peut-\u00eatre que nos \u00e9lus seront int\u00e9ress\u00e9s par la s\u00e9curit\u00e9 routi\u00e8re Cette r\u00e9flexion fera l\u2019objet d\u2019un article beaucoup plus important et document\u00e9s.<\/p>\n","protected":false},"author":2,"featured_media":26888,"comment_status":"open","ping_status":"open","sticky":false,"template":"","format":"standard","meta":{"_uag_custom_page_level_css":"","sfsi_plus_gutenberg_text_before_share":"","sfsi_plus_gutenberg_show_text_before_share":"","sfsi_plus_gutenberg_icon_type":"","sfsi_plus_gutenberg_icon_alignemt":"","sfsi_plus_gutenburg_max_per_row":"","_lmt_disableupdate":"no","_lmt_disable":"no","_monsterinsights_skip_tracking":false,"_monsterinsights_sitenote_active":false,"_monsterinsights_sitenote_note":"","_monsterinsights_sitenote_category":0,"site-sidebar-layout":"default","site-content-layout":"","ast-site-content-layout":"default","site-content-style":"default","site-sidebar-style":"default","ast-global-header-display":"","ast-banner-title-visibility":"","ast-main-header-display":"","ast-hfb-above-header-display":"","ast-hfb-below-header-display":"","ast-hfb-mobile-header-display":"","site-post-title":"","ast-breadcrumbs-content":"","ast-featured-img":"","footer-sml-layout":"","ast-disable-related-posts":"","theme-transparent-header-meta":"default","adv-header-id-meta":"","stick-header-meta":"","header-above-stick-meta":"","header-main-stick-meta":"","header-below-stick-meta":"","astra-migrate-meta-layouts":"set","ast-page-background-enabled":"default","ast-page-background-meta":{"desktop":{"background-color":"var(--ast-global-color-4)","background-image":"","background-repeat":"repeat","background-position":"center center","background-size":"auto","background-attachment":"scroll","background-type":"","background-media":"","overlay-type":"","overlay-color":"","overlay-opacity":"","overlay-gradient":""},"tablet":{"background-color":"","background-image":"","background-repeat":"repeat","background-position":"center center","background-size":"auto","background-attachment":"scroll","background-type":"","background-media":"","overlay-type":"","overlay-color":"","overlay-opacity":"","overlay-gradient":""},"mobile":{"background-color":"","background-image":"","background-repeat":"repeat","background-position":"center center","background-size":"auto","background-attachment":"scroll","background-type":"","background-media":"","overlay-type":"","overlay-color":"","overlay-opacity":"","overlay-gradient":""}},"ast-content-background-meta":{"desktop":{"background-color":"var(--ast-global-color-5)","background-image":"","background-repeat":"repeat","background-position":"center center","background-size":"auto","background-attachment":"scroll","background-type":"","background-media":"","overlay-type":"","overlay-color":"","overlay-opacity":"","overlay-gradient":""},"tablet":{"background-color":"var(--ast-global-color-5)","background-image":"","background-repeat":"repeat","background-position":"center center","background-size":"auto","background-attachment":"scroll","background-type":"","background-media":"","overlay-type":"","overlay-color":"","overlay-opacity":"","overlay-gradient":""},"mobile":{"background-color":"var(--ast-global-color-5)","background-image":"","background-repeat":"repeat","background-position":"center center","background-size":"auto","background-attachment":"scroll","background-type":"","background-media":"","overlay-type":"","overlay-color":"","overlay-opacity":"","overlay-gradient":""}},"iawp_total_views":1,"footnotes":""},"categories":[15],"tags":[],"class_list":["post-53296","post","type-post","status-publish","format-standard","has-post-thumbnail","hentry","category-en-page-daccueil"],"aioseo_notices":[],"modified_by":"Coralie PAILHES","uagb_featured_image_src":{"full":["https:\/\/lioneletlesautresvictimesdelaroute.fr\/justice\/wp-content\/uploads\/2023\/09\/code-rousseau.jpg",250,356,false],"thumbnail":["https:\/\/lioneletlesautresvictimesdelaroute.fr\/justice\/wp-content\/uploads\/2023\/09\/code-rousseau-150x150.jpg",150,150,true],"medium":["https:\/\/lioneletlesautresvictimesdelaroute.fr\/justice\/wp-content\/uploads\/2023\/09\/code-rousseau-211x300.jpg",211,300,true],"medium_large":["https:\/\/lioneletlesautresvictimesdelaroute.fr\/justice\/wp-content\/uploads\/2023\/09\/code-rousseau.jpg",250,356,false],"large":["https:\/\/lioneletlesautresvictimesdelaroute.fr\/justice\/wp-content\/uploads\/2023\/09\/code-rousseau.jpg",250,356,false],"1536x1536":["https:\/\/lioneletlesautresvictimesdelaroute.fr\/justice\/wp-content\/uploads\/2023\/09\/code-rousseau.jpg",250,356,false],"2048x2048":["https:\/\/lioneletlesautresvictimesdelaroute.fr\/justice\/wp-content\/uploads\/2023\/09\/code-rousseau.jpg",250,356,false]},"uagb_author_info":{"display_name":"Coralie PAILHES","author_link":"https:\/\/lioneletlesautresvictimesdelaroute.fr\/justice\/author\/edliojus01513\/"},"uagb_comment_info":0,"uagb_excerpt":"Pour les personnes titulaires du permis de conduire La France est actuellement en train de d\u00e9finir l\u2019\u00e2ge l\u00e9gal pour pouvoir conduire dans le cadre des seniors. Sachez Que nos voisins Espagnol au-del\u00e0 des Pyr\u00e9n\u00e9es Ont Prix diff\u00e9rentes mesures.Ce pays frontalier avec la France va adopter un nouveau Code de la route beaucoup plus r\u00e9pressif pour\u2026","rttpg_featured_image_url":{"full":["https:\/\/lioneletlesautresvictimesdelaroute.fr\/justice\/wp-content\/uploads\/2023\/09\/code-rousseau.jpg",250,356,false],"landscape":["https:\/\/lioneletlesautresvictimesdelaroute.fr\/justice\/wp-content\/uploads\/2023\/09\/code-rousseau.jpg",250,356,false],"portraits":["https:\/\/lioneletlesautresvictimesdelaroute.fr\/justice\/wp-content\/uploads\/2023\/09\/code-rousseau.jpg",250,356,false],"thumbnail":["https:\/\/lioneletlesautresvictimesdelaroute.fr\/justice\/wp-content\/uploads\/2023\/09\/code-rousseau-150x150.jpg",150,150,true],"medium":["https:\/\/lioneletlesautresvictimesdelaroute.fr\/justice\/wp-content\/uploads\/2023\/09\/code-rousseau-211x300.jpg",211,300,true],"large":["https:\/\/lioneletlesautresvictimesdelaroute.fr\/justice\/wp-content\/uploads\/2023\/09\/code-rousseau.jpg",250,356,false],"1536x1536":["https:\/\/lioneletlesautresvictimesdelaroute.fr\/justice\/wp-content\/uploads\/2023\/09\/code-rousseau.jpg",250,356,false],"2048x2048":["https:\/\/lioneletlesautresvictimesdelaroute.fr\/justice\/wp-content\/uploads\/2023\/09\/code-rousseau.jpg",250,356,false]},"rttpg_author":{"display_name":"Coralie PAILHES","author_link":"https:\/\/lioneletlesautresvictimesdelaroute.fr\/justice\/author\/edliojus01513\/"},"rttpg_comment":0,"rttpg_category":"<a href=\"https:\/\/lioneletlesautresvictimesdelaroute.fr\/justice\/category\/en-page-daccueil\/\" rel=\"category tag\">En page d'accueil<\/a>","rttpg_excerpt":"Pour les personnes titulaires du permis de conduire La France est actuellement en train de d\u00e9finir l\u2019\u00e2ge l\u00e9gal pour pouvoir conduire dans le cadre des seniors. Sachez Que nos voisins Espagnol au-del\u00e0 des Pyr\u00e9n\u00e9es Ont Prix diff\u00e9rentes mesures.Ce pays frontalier avec la France va adopter un nouveau Code de la route beaucoup plus r\u00e9pressif pour\u2026","_links":{"self":[{"href":"https:\/\/lioneletlesautresvictimesdelaroute.fr\/justice\/wp-json\/wp\/v2\/posts\/53296","targetHints":{"allow":["GET"]}}],"collection":[{"href":"https:\/\/lioneletlesautresvictimesdelaroute.fr\/justice\/wp-json\/wp\/v2\/posts"}],"about":[{"href":"https:\/\/lioneletlesautresvictimesdelaroute.fr\/justice\/wp-json\/wp\/v2\/types\/post"}],"author":[{"embeddable":true,"href":"https:\/\/lioneletlesautresvictimesdelaroute.fr\/justice\/wp-json\/wp\/v2\/users\/2"}],"replies":[{"embeddable":true,"href":"https:\/\/lioneletlesautresvictimesdelaroute.fr\/justice\/wp-json\/wp\/v2\/comments?post=53296"}],"version-history":[{"count":2,"href":"https:\/\/lioneletlesautresvictimesdelaroute.fr\/justice\/wp-json\/wp\/v2\/posts\/53296\/revisions"}],"predecessor-version":[{"id":53771,"href":"https:\/\/lioneletlesautresvictimesdelaroute.fr\/justice\/wp-json\/wp\/v2\/posts\/53296\/revisions\/53771"}],"wp:featuredmedia":[{"embeddable":true,"href":"https:\/\/lioneletlesautresvictimesdelaroute.fr\/justice\/wp-json\/wp\/v2\/media\/26888"}],"wp:attachment":[{"href":"https:\/\/lioneletlesautresvictimesdelaroute.fr\/justice\/wp-json\/wp\/v2\/media?parent=53296"}],"wp:term":[{"taxonomy":"category","embeddable":true,"href":"https:\/\/lioneletlesautresvictimesdelaroute.fr\/justice\/wp-json\/wp\/v2\/categories?post=53296"},{"taxonomy":"post_tag","embeddable":true,"href":"https:\/\/lioneletlesautresvictimesdelaroute.fr\/justice\/wp-json\/wp\/v2\/tags?post=53296"}],"curies":[{"name":"wp","href":"https:\/\/api.w.org\/{rel}","templated":true}]}}