{"id":53663,"date":"2025-10-27T15:03:44","date_gmt":"2025-10-27T14:03:44","guid":{"rendered":"https:\/\/lioneletlesautresvictimesdelaroute.fr\/justice\/?p=53663"},"modified":"2025-11-10T14:50:08","modified_gmt":"2025-11-10T13:50:08","slug":"la-justice-contre-les-victimes","status":"publish","type":"post","link":"https:\/\/lioneletlesautresvictimesdelaroute.fr\/justice\/la-justice-contre-les-victimes\/","title":{"rendered":"La Justice contre les victimes"},"content":{"rendered":"\t\t<div data-elementor-type=\"wp-post\" data-elementor-id=\"53663\" class=\"elementor elementor-53663\" data-elementor-settings=\"{&quot;ha_cmc_init_switcher&quot;:&quot;no&quot;}\">\n\t\t\t\t<div class=\"elementor-element elementor-element-098fd97 e-flex e-con-boxed wpr-particle-no wpr-jarallax-no wpr-parallax-no wpr-sticky-section-no wpr-equal-height-no e-con e-parent\" data-id=\"098fd97\" data-element_type=\"container\" data-e-type=\"container\" data-settings=\"{&quot;_ha_eqh_enable&quot;:false}\">\n\t\t\t\t\t<div class=\"e-con-inner\">\n\t\t\t\t<div class=\"elementor-element elementor-element-374de77 elementor-widget elementor-widget-heading\" data-id=\"374de77\" data-element_type=\"widget\" data-e-type=\"widget\" data-widget_type=\"heading.default\">\n\t\t\t\t<div class=\"elementor-widget-container\">\n\t\t\t\t\t<h2 class=\"elementor-heading-title elementor-size-default\">Coupable par la justice d'\u00eatre VICTIME <\/h2>\t\t\t\t<\/div>\n\t\t\t\t<\/div>\n\t\t\t\t<div class=\"elementor-element elementor-element-8c38d1a elementor-widget elementor-widget-text-editor\" data-id=\"8c38d1a\" data-element_type=\"widget\" data-e-type=\"widget\" data-widget_type=\"text-editor.default\">\n\t\t\t\t<div class=\"elementor-widget-container\">\n\t\t\t\t\t\t\t\t\t<p>La position actuelle du gouvernement \u00e9tant tr\u00e8s complexe, ne sachant pas o\u00f9 on va ! Comme d\u2019habitude, la violence routi\u00e8re et tout ce qui en d\u00e9coule ne les int\u00e9resse toujours pas. Ils sont actuellement tr\u00e8s pr\u00e9occup\u00e9s par la notion de censure ou pas. Donc, nous, les familles de victimes, on peut attendre une r\u00e9ponse pendant un moment. Mais l\u2019association Lionel et les Autres Victimes de la Route, et comme un pitbull elle ne l\u00e2che pas et elle n\u2019ira jusqu\u2019au bout.<\/p><p>Concernant les autopsies judiciaires, <a title=\"Juin 2025 \u2013 R\u00e9f\u00e9r\u00e9 Tribunal Administratif \u2013 TOULOUSE\" href=\"https:\/\/lioneletlesautresvictimesdelaroute.fr\/justice\/wp-content\/uploads\/2025\/06\/12-REFERE-DEVANT-LE-TRIBUNAL-DE-TOULOUSE.pdf\">Le R\u00e9f\u00e9r\u00e9 aupr\u00e8s du Conseil administratif a \u00e9t\u00e9 refus\u00e9.<\/a><\/p><p>\u00a0<\/p><figure id=\"attachment_44937\" aria-describedby=\"caption-attachment-44937\" style=\"width: 300px\" class=\"wp-caption aligncenter\"><img fetchpriority=\"high\" decoding=\"async\" class=\"size-medium wp-image-44937\" src=\"https:\/\/lioneletlesautresvictimesdelaroute.fr\/justice\/wp-content\/uploads\/2023\/05\/cropped-onglet_page_justice-1-300x200.jpg\" alt=\"Justice StatueLIONEL JUSTICE Homicides routiers Autopsies judiciaires Accompagnement des familles\" width=\"300\" height=\"200\" srcset=\"https:\/\/lioneletlesautresvictimesdelaroute.fr\/justice\/wp-content\/uploads\/2023\/05\/cropped-onglet_page_justice-1-300x200.jpg 300w, https:\/\/lioneletlesautresvictimesdelaroute.fr\/justice\/wp-content\/uploads\/2023\/05\/cropped-onglet_page_justice-1-1024x682.jpg 1024w, https:\/\/lioneletlesautresvictimesdelaroute.fr\/justice\/wp-content\/uploads\/2023\/05\/cropped-onglet_page_justice-1-768x512.jpg 768w, https:\/\/lioneletlesautresvictimesdelaroute.fr\/justice\/wp-content\/uploads\/2023\/05\/cropped-onglet_page_justice-1-204x136.jpg 204w, https:\/\/lioneletlesautresvictimesdelaroute.fr\/justice\/wp-content\/uploads\/2023\/05\/cropped-onglet_page_justice-1.jpg 1279w\" sizes=\"(max-width: 300px) 100vw, 300px\" \/><figcaption id=\"caption-attachment-44937\" class=\"wp-caption-text\">LIONEL JUSTICE Homicides routiers Autopsies judiciaires Accompagnement des familles<\/figcaption><\/figure><p>\u00a0<\/p><p>Nous allons nous adresser \u00e0 la Cour Administrative d\u2019Appel et au Conseil d\u2019\u00c9tat ainsi, qu\u2019\u00e0 l\u2019Union Europ\u00e9enne Concernant : La non application les articles de loi du Code P\u00e9nal article 230-28 et du code civil 16.1.1 et \u00e0 la d\u00e9claration universelle des droits de l\u2019homme. Il est inadmissible que notre justice en France ne veuille pas entendre la v\u00e9rit\u00e9, sur la cr\u00e9mation des organes qui ont \u00e9t\u00e9 pr\u00e9lev\u00e9s sans informer les familles sur le corps de nos d\u00e9funts. Nous avons fait une demande d\u2019aide juridictionnelle : <a href=\"https:\/\/lioneletlesautresvictimesdelaroute.fr\/justice\/wp-content\/uploads\/2025\/10\/2025-10-07-DemandeAide-juridictionelle-Refus-TJ-CASTRES.pdf\">Celle-ci a \u00e9t\u00e9 rejet\u00e9e \u00e9galement.\u00a0<\/a><\/p>\t\t\t\t\t\t\t\t<\/div>\n\t\t\t\t<\/div>\n\t\t\t\t\t<\/div>\n\t\t\t\t<\/div>\n\t\t\t\t<\/div>\n\t\t","protected":false},"excerpt":{"rendered":"<p>Coupable par la justice d&rsquo;\u00eatre VICTIME La position actuelle du gouvernement \u00e9tant tr\u00e8s complexe, ne sachant pas o\u00f9 on va ! Comme d\u2019habitude, la violence routi\u00e8re et tout ce qui en d\u00e9coule ne les int\u00e9resse toujours pas. Ils sont actuellement tr\u00e8s pr\u00e9occup\u00e9s par la notion de censure ou pas. Donc, nous, les familles de victimes, on peut attendre une r\u00e9ponse pendant un moment. Mais l\u2019association Lionel et les Autres Victimes de la Route, et comme un pitbull elle ne l\u00e2che pas et elle n\u2019ira jusqu\u2019au bout. Concernant les autopsies judiciaires, Le R\u00e9f\u00e9r\u00e9 aupr\u00e8s du Conseil administratif a \u00e9t\u00e9 refus\u00e9. Nous allons nous adresser \u00e0 la Cour Administrative d\u2019Appel et au Conseil d\u2019\u00c9tat ainsi, qu\u2019\u00e0 l\u2019Union Europ\u00e9enne Concernant : La non application les articles de loi du Code P\u00e9nal article 230-28 et du code civil 16.1.1 et \u00e0 la d\u00e9claration universelle des droits de l\u2019homme. Il est inadmissible que notre justice en France ne veuille pas entendre la v\u00e9rit\u00e9, sur la cr\u00e9mation des organes qui ont \u00e9t\u00e9 pr\u00e9lev\u00e9s sans informer les familles sur le corps de nos d\u00e9funts. Nous avons fait une demande d\u2019aide juridictionnelle : Celle-ci a \u00e9t\u00e9 rejet\u00e9e \u00e9galement.\u00a0<\/p>\n","protected":false},"author":2,"featured_media":53346,"comment_status":"open","ping_status":"open","sticky":false,"template":"","format":"standard","meta":{"_uag_custom_page_level_css":"","sfsi_plus_gutenberg_text_before_share":"","sfsi_plus_gutenberg_show_text_before_share":"","sfsi_plus_gutenberg_icon_type":"","sfsi_plus_gutenberg_icon_alignemt":"","sfsi_plus_gutenburg_max_per_row":"","_lmt_disableupdate":"no","_lmt_disable":"no","_monsterinsights_skip_tracking":false,"_monsterinsights_sitenote_active":false,"_monsterinsights_sitenote_note":"","_monsterinsights_sitenote_category":0,"site-sidebar-layout":"default","site-content-layout":"","ast-site-content-layout":"default","site-content-style":"default","site-sidebar-style":"default","ast-global-header-display":"","ast-banner-title-visibility":"","ast-main-header-display":"","ast-hfb-above-header-display":"","ast-hfb-below-header-display":"","ast-hfb-mobile-header-display":"","site-post-title":"","ast-breadcrumbs-content":"","ast-featured-img":"","footer-sml-layout":"","ast-disable-related-posts":"","theme-transparent-header-meta":"default","adv-header-id-meta":"","stick-header-meta":"","header-above-stick-meta":"","header-main-stick-meta":"","header-below-stick-meta":"","astra-migrate-meta-layouts":"set","ast-page-background-enabled":"default","ast-page-background-meta":{"desktop":{"background-color":"var(--ast-global-color-4)","background-image":"","background-repeat":"repeat","background-position":"center center","background-size":"auto","background-attachment":"scroll","background-type":"","background-media":"","overlay-type":"","overlay-color":"","overlay-opacity":"","overlay-gradient":""},"tablet":{"background-color":"","background-image":"","background-repeat":"repeat","background-position":"center center","background-size":"auto","background-attachment":"scroll","background-type":"","background-media":"","overlay-type":"","overlay-color":"","overlay-opacity":"","overlay-gradient":""},"mobile":{"background-color":"","background-image":"","background-repeat":"repeat","background-position":"center center","background-size":"auto","background-attachment":"scroll","background-type":"","background-media":"","overlay-type":"","overlay-color":"","overlay-opacity":"","overlay-gradient":""}},"ast-content-background-meta":{"desktop":{"background-color":"var(--ast-global-color-5)","background-image":"","background-repeat":"repeat","background-position":"center center","background-size":"auto","background-attachment":"scroll","background-type":"","background-media":"","overlay-type":"","overlay-color":"","overlay-opacity":"","overlay-gradient":""},"tablet":{"background-color":"var(--ast-global-color-5)","background-image":"","background-repeat":"repeat","background-position":"center center","background-size":"auto","background-attachment":"scroll","background-type":"","background-media":"","overlay-type":"","overlay-color":"","overlay-opacity":"","overlay-gradient":""},"mobile":{"background-color":"var(--ast-global-color-5)","background-image":"","background-repeat":"repeat","background-position":"center center","background-size":"auto","background-attachment":"scroll","background-type":"","background-media":"","overlay-type":"","overlay-color":"","overlay-opacity":"","overlay-gradient":""}},"iawp_total_views":11,"footnotes":""},"categories":[15],"tags":[],"class_list":["post-53663","post","type-post","status-publish","format-standard","has-post-thumbnail","hentry","category-en-page-daccueil"],"aioseo_notices":[],"modified_by":"Coralie PAILHES","uagb_featured_image_src":{"full":["https:\/\/lioneletlesautresvictimesdelaroute.fr\/justice\/wp-content\/uploads\/2025\/10\/TGI-Castres.jpg",1057,600,false],"thumbnail":["https:\/\/lioneletlesautresvictimesdelaroute.fr\/justice\/wp-content\/uploads\/2025\/10\/TGI-Castres-150x150.jpg",150,150,true],"medium":["https:\/\/lioneletlesautresvictimesdelaroute.fr\/justice\/wp-content\/uploads\/2025\/10\/TGI-Castres-300x170.jpg",300,170,true],"medium_large":["https:\/\/lioneletlesautresvictimesdelaroute.fr\/justice\/wp-content\/uploads\/2025\/10\/TGI-Castres-768x436.jpg",768,436,true],"large":["https:\/\/lioneletlesautresvictimesdelaroute.fr\/justice\/wp-content\/uploads\/2025\/10\/TGI-Castres-1024x581.jpg",1024,581,true],"1536x1536":["https:\/\/lioneletlesautresvictimesdelaroute.fr\/justice\/wp-content\/uploads\/2025\/10\/TGI-Castres.jpg",1057,600,false],"2048x2048":["https:\/\/lioneletlesautresvictimesdelaroute.fr\/justice\/wp-content\/uploads\/2025\/10\/TGI-Castres.jpg",1057,600,false]},"uagb_author_info":{"display_name":"Coralie PAILHES","author_link":"https:\/\/lioneletlesautresvictimesdelaroute.fr\/justice\/author\/edliojus01513\/"},"uagb_comment_info":0,"uagb_excerpt":"Coupable par la justice d&rsquo;\u00eatre VICTIME La position actuelle du gouvernement \u00e9tant tr\u00e8s complexe, ne sachant pas o\u00f9 on va ! Comme d\u2019habitude, la violence routi\u00e8re et tout ce qui en d\u00e9coule ne les int\u00e9resse toujours pas. Ils sont actuellement tr\u00e8s pr\u00e9occup\u00e9s par la notion de censure ou pas. Donc, nous, les familles de victimes,\u2026","rttpg_featured_image_url":{"full":["https:\/\/lioneletlesautresvictimesdelaroute.fr\/justice\/wp-content\/uploads\/2025\/10\/TGI-Castres.jpg",1057,600,false],"landscape":["https:\/\/lioneletlesautresvictimesdelaroute.fr\/justice\/wp-content\/uploads\/2025\/10\/TGI-Castres.jpg",1057,600,false],"portraits":["https:\/\/lioneletlesautresvictimesdelaroute.fr\/justice\/wp-content\/uploads\/2025\/10\/TGI-Castres.jpg",1057,600,false],"thumbnail":["https:\/\/lioneletlesautresvictimesdelaroute.fr\/justice\/wp-content\/uploads\/2025\/10\/TGI-Castres-150x150.jpg",150,150,true],"medium":["https:\/\/lioneletlesautresvictimesdelaroute.fr\/justice\/wp-content\/uploads\/2025\/10\/TGI-Castres-300x170.jpg",300,170,true],"large":["https:\/\/lioneletlesautresvictimesdelaroute.fr\/justice\/wp-content\/uploads\/2025\/10\/TGI-Castres-1024x581.jpg",1024,581,true],"1536x1536":["https:\/\/lioneletlesautresvictimesdelaroute.fr\/justice\/wp-content\/uploads\/2025\/10\/TGI-Castres.jpg",1057,600,false],"2048x2048":["https:\/\/lioneletlesautresvictimesdelaroute.fr\/justice\/wp-content\/uploads\/2025\/10\/TGI-Castres.jpg",1057,600,false]},"rttpg_author":{"display_name":"Coralie PAILHES","author_link":"https:\/\/lioneletlesautresvictimesdelaroute.fr\/justice\/author\/edliojus01513\/"},"rttpg_comment":0,"rttpg_category":"<a href=\"https:\/\/lioneletlesautresvictimesdelaroute.fr\/justice\/category\/en-page-daccueil\/\" rel=\"category tag\">En page d'accueil<\/a>","rttpg_excerpt":"Coupable par la justice d&rsquo;\u00eatre VICTIME La position actuelle du gouvernement \u00e9tant tr\u00e8s complexe, ne sachant pas o\u00f9 on va ! Comme d\u2019habitude, la violence routi\u00e8re et tout ce qui en d\u00e9coule ne les int\u00e9resse toujours pas. Ils sont actuellement tr\u00e8s pr\u00e9occup\u00e9s par la notion de censure ou pas. Donc, nous, les familles de victimes,\u2026","_links":{"self":[{"href":"https:\/\/lioneletlesautresvictimesdelaroute.fr\/justice\/wp-json\/wp\/v2\/posts\/53663","targetHints":{"allow":["GET"]}}],"collection":[{"href":"https:\/\/lioneletlesautresvictimesdelaroute.fr\/justice\/wp-json\/wp\/v2\/posts"}],"about":[{"href":"https:\/\/lioneletlesautresvictimesdelaroute.fr\/justice\/wp-json\/wp\/v2\/types\/post"}],"author":[{"embeddable":true,"href":"https:\/\/lioneletlesautresvictimesdelaroute.fr\/justice\/wp-json\/wp\/v2\/users\/2"}],"replies":[{"embeddable":true,"href":"https:\/\/lioneletlesautresvictimesdelaroute.fr\/justice\/wp-json\/wp\/v2\/comments?post=53663"}],"version-history":[{"count":2,"href":"https:\/\/lioneletlesautresvictimesdelaroute.fr\/justice\/wp-json\/wp\/v2\/posts\/53663\/revisions"}],"predecessor-version":[{"id":53763,"href":"https:\/\/lioneletlesautresvictimesdelaroute.fr\/justice\/wp-json\/wp\/v2\/posts\/53663\/revisions\/53763"}],"wp:featuredmedia":[{"embeddable":true,"href":"https:\/\/lioneletlesautresvictimesdelaroute.fr\/justice\/wp-json\/wp\/v2\/media\/53346"}],"wp:attachment":[{"href":"https:\/\/lioneletlesautresvictimesdelaroute.fr\/justice\/wp-json\/wp\/v2\/media?parent=53663"}],"wp:term":[{"taxonomy":"category","embeddable":true,"href":"https:\/\/lioneletlesautresvictimesdelaroute.fr\/justice\/wp-json\/wp\/v2\/categories?post=53663"},{"taxonomy":"post_tag","embeddable":true,"href":"https:\/\/lioneletlesautresvictimesdelaroute.fr\/justice\/wp-json\/wp\/v2\/tags?post=53663"}],"curies":[{"name":"wp","href":"https:\/\/api.w.org\/{rel}","templated":true}]}}