{"id":53720,"date":"2025-11-03T15:03:49","date_gmt":"2025-11-03T14:03:49","guid":{"rendered":"https:\/\/lioneletlesautresvictimesdelaroute.fr\/justice\/?p=53720"},"modified":"2025-11-10T14:32:11","modified_gmt":"2025-11-10T13:32:11","slug":"permis-de-conduire-visite-medicale-projet","status":"publish","type":"post","link":"https:\/\/lioneletlesautresvictimesdelaroute.fr\/justice\/permis-de-conduire-visite-medicale-projet\/","title":{"rendered":"Permis de conduire : Visite m\u00e9dicale Projet"},"content":{"rendered":"\t\t<div data-elementor-type=\"wp-post\" data-elementor-id=\"53720\" class=\"elementor elementor-53720\" data-elementor-settings=\"{&quot;ha_cmc_init_switcher&quot;:&quot;no&quot;}\">\n\t\t\t\t<div class=\"elementor-element elementor-element-c83964c e-flex e-con-boxed wpr-particle-no wpr-jarallax-no wpr-parallax-no wpr-sticky-section-no wpr-equal-height-no e-con e-parent\" data-id=\"c83964c\" data-element_type=\"container\" data-e-type=\"container\" data-settings=\"{&quot;_ha_eqh_enable&quot;:false}\">\n\t\t\t\t\t<div class=\"e-con-inner\">\n\t\t\t\t<div class=\"elementor-element elementor-element-a563e5f elementor-widget elementor-widget-heading\" data-id=\"a563e5f\" data-element_type=\"widget\" data-e-type=\"widget\" data-widget_type=\"heading.default\">\n\t\t\t\t<div class=\"elementor-widget-container\">\n\t\t\t\t\t<h2 class=\"elementor-heading-title elementor-size-default\">Pour ou Contre ?<\/h2>\t\t\t\t<\/div>\n\t\t\t\t<\/div>\n\t\t\t\t<div class=\"elementor-element elementor-element-a2a7f35 elementor-widget elementor-widget-text-editor\" data-id=\"a2a7f35\" data-element_type=\"widget\" data-e-type=\"widget\" data-widget_type=\"text-editor.default\">\n\t\t\t\t<div class=\"elementor-widget-container\">\n\t\t\t\t\t\t\t\t\t<p>On ne peut pas affirmer que nos seniors sont responsable des plus graves accidents. Cependant cette loi qui est en train de passer et \u00e0 double tranchant. Concernant l\u2019association Lionel et les Autres Victimes de la Route.<\/p><p><strong>Pour Validation du permis de conduire<\/strong> ; cela va permettre de d\u00e9couvrir une maladie dite \u00ab\u00a0dormante\u00a0\u00bb pour des personnes \u00e2g\u00e9es de contr\u00f4ler : la vue, les r\u00e9flexes, et diff\u00e9rents probl\u00e8mes qui peuvent survenir \u00e0 cet \u00e2ge. Et donc emp\u00eacher les personnes de circuler en voiture. Il sera important aux communes de mettre en place un service de covoiturage. Pour que ces personnes ne soient pas isol\u00e9es, et puissent continuer \u00e0 sortir.<\/p><p><strong>Contre la validation du permis de conduire<\/strong> ; Ce n\u2019est pas parce qu\u2019on a 65 ans et plus voire 80 ans que l\u2019ont plus capable de conduire. Bien au contraire, les personnes respectent toutes les conditions de circulation.<\/p><p><strong>Une mention importante pour l\u2019\u00c9tat<\/strong><\/p><p>La validation du permis de conduire, ne doit pas \u00eatre un frein financier pour les personnes \u00e2g\u00e9es, une taxe suppl\u00e9mentaire.\u00a0 Les personnes doivent le faire dans le cadre d\u2019une visite m\u00e9dicale de contr\u00f4le prise en charge par l\u2019\u00c9tat. Ce n\u2019est pas \u00e0 eux de payer les frais au passage et au contr\u00f4le de la capacit\u00e9 \u00e0 conduire.<\/p>\t\t\t\t\t\t\t\t<\/div>\n\t\t\t\t<\/div>\n\t\t\t\t<div class=\"elementor-element elementor-element-fbd6f29 elementor-widget elementor-widget-button\" data-id=\"fbd6f29\" data-element_type=\"widget\" data-e-type=\"widget\" data-widget_type=\"button.default\">\n\t\t\t\t<div class=\"elementor-widget-container\">\n\t\t\t\t\t\t\t\t\t<div class=\"elementor-button-wrapper\">\n\t\t\t\t\t<a class=\"elementor-button elementor-button-link elementor-size-sm\" href=\"https:\/\/www.service-public.gouv.fr\/particuliers\/actualites\/A18566\">\n\t\t\t\t\t\t<span class=\"elementor-button-content-wrapper\">\n\t\t\t\t\t\t\t\t\t<span class=\"elementor-button-text\">En savoir plus ...<\/span>\n\t\t\t\t\t<\/span>\n\t\t\t\t\t<\/a>\n\t\t\t\t<\/div>\n\t\t\t\t\t\t\t\t<\/div>\n\t\t\t\t<\/div>\n\t\t\t\t\t<\/div>\n\t\t\t\t<\/div>\n\t\t\t\t<\/div>\n\t\t","protected":false},"excerpt":{"rendered":"<p>Pour ou Contre ? On ne peut pas affirmer que nos seniors sont responsable des plus graves accidents. Cependant cette loi qui est en train de passer et \u00e0 double tranchant. Concernant l\u2019association Lionel et les Autres Victimes de la Route. Pour Validation du permis de conduire ; cela va permettre de d\u00e9couvrir une maladie dite \u00ab\u00a0dormante\u00a0\u00bb pour des personnes \u00e2g\u00e9es de contr\u00f4ler : la vue, les r\u00e9flexes, et diff\u00e9rents probl\u00e8mes qui peuvent survenir \u00e0 cet \u00e2ge. Et donc emp\u00eacher les personnes de circuler en voiture. Il sera important aux communes de mettre en place un service de covoiturage. Pour que ces personnes ne soient pas isol\u00e9es, et puissent continuer \u00e0 sortir. Contre la validation du permis de conduire ; Ce n\u2019est pas parce qu\u2019on a 65 ans et plus voire 80 ans que l\u2019ont plus capable de conduire. Bien au contraire, les personnes respectent toutes les conditions de circulation. Une mention importante pour l\u2019\u00c9tat La validation du permis de conduire, ne doit pas \u00eatre un frein financier pour les personnes \u00e2g\u00e9es, une taxe suppl\u00e9mentaire.\u00a0 Les personnes doivent le faire dans le cadre d\u2019une visite m\u00e9dicale de contr\u00f4le prise en charge par l\u2019\u00c9tat. Ce n\u2019est pas \u00e0 eux de payer les frais au passage et au contr\u00f4le de la capacit\u00e9 \u00e0 conduire. En savoir plus &#8230;<\/p>\n","protected":false},"author":2,"featured_media":30652,"comment_status":"open","ping_status":"open","sticky":false,"template":"","format":"standard","meta":{"_uag_custom_page_level_css":"","sfsi_plus_gutenberg_text_before_share":"","sfsi_plus_gutenberg_show_text_before_share":"","sfsi_plus_gutenberg_icon_type":"","sfsi_plus_gutenberg_icon_alignemt":"","sfsi_plus_gutenburg_max_per_row":"","_lmt_disableupdate":"no","_lmt_disable":"no","_monsterinsights_skip_tracking":false,"_monsterinsights_sitenote_active":false,"_monsterinsights_sitenote_note":"","_monsterinsights_sitenote_category":0,"site-sidebar-layout":"default","site-content-layout":"","ast-site-content-layout":"default","site-content-style":"default","site-sidebar-style":"default","ast-global-header-display":"","ast-banner-title-visibility":"","ast-main-header-display":"","ast-hfb-above-header-display":"","ast-hfb-below-header-display":"","ast-hfb-mobile-header-display":"","site-post-title":"","ast-breadcrumbs-content":"","ast-featured-img":"","footer-sml-layout":"","ast-disable-related-posts":"","theme-transparent-header-meta":"default","adv-header-id-meta":"","stick-header-meta":"","header-above-stick-meta":"","header-main-stick-meta":"","header-below-stick-meta":"","astra-migrate-meta-layouts":"set","ast-page-background-enabled":"default","ast-page-background-meta":{"desktop":{"background-color":"var(--ast-global-color-4)","background-image":"","background-repeat":"repeat","background-position":"center center","background-size":"auto","background-attachment":"scroll","background-type":"","background-media":"","overlay-type":"","overlay-color":"","overlay-opacity":"","overlay-gradient":""},"tablet":{"background-color":"","background-image":"","background-repeat":"repeat","background-position":"center center","background-size":"auto","background-attachment":"scroll","background-type":"","background-media":"","overlay-type":"","overlay-color":"","overlay-opacity":"","overlay-gradient":""},"mobile":{"background-color":"","background-image":"","background-repeat":"repeat","background-position":"center center","background-size":"auto","background-attachment":"scroll","background-type":"","background-media":"","overlay-type":"","overlay-color":"","overlay-opacity":"","overlay-gradient":""}},"ast-content-background-meta":{"desktop":{"background-color":"var(--ast-global-color-5)","background-image":"","background-repeat":"repeat","background-position":"center center","background-size":"auto","background-attachment":"scroll","background-type":"","background-media":"","overlay-type":"","overlay-color":"","overlay-opacity":"","overlay-gradient":""},"tablet":{"background-color":"var(--ast-global-color-5)","background-image":"","background-repeat":"repeat","background-position":"center center","background-size":"auto","background-attachment":"scroll","background-type":"","background-media":"","overlay-type":"","overlay-color":"","overlay-opacity":"","overlay-gradient":""},"mobile":{"background-color":"var(--ast-global-color-5)","background-image":"","background-repeat":"repeat","background-position":"center center","background-size":"auto","background-attachment":"scroll","background-type":"","background-media":"","overlay-type":"","overlay-color":"","overlay-opacity":"","overlay-gradient":""}},"iawp_total_views":1,"footnotes":""},"categories":[15],"tags":[],"class_list":["post-53720","post","type-post","status-publish","format-standard","has-post-thumbnail","hentry","category-en-page-daccueil"],"aioseo_notices":[],"modified_by":"Coralie PAILHES","uagb_featured_image_src":{"full":["https:\/\/lioneletlesautresvictimesdelaroute.fr\/justice\/wp-content\/uploads\/2024\/01\/photo-article-conduire-a-17-ans.jpg",612,408,false],"thumbnail":["https:\/\/lioneletlesautresvictimesdelaroute.fr\/justice\/wp-content\/uploads\/2024\/01\/photo-article-conduire-a-17-ans-150x150.jpg",150,150,true],"medium":["https:\/\/lioneletlesautresvictimesdelaroute.fr\/justice\/wp-content\/uploads\/2024\/01\/photo-article-conduire-a-17-ans-300x200.jpg",300,200,true],"medium_large":["https:\/\/lioneletlesautresvictimesdelaroute.fr\/justice\/wp-content\/uploads\/2024\/01\/photo-article-conduire-a-17-ans.jpg",612,408,false],"large":["https:\/\/lioneletlesautresvictimesdelaroute.fr\/justice\/wp-content\/uploads\/2024\/01\/photo-article-conduire-a-17-ans.jpg",612,408,false],"1536x1536":["https:\/\/lioneletlesautresvictimesdelaroute.fr\/justice\/wp-content\/uploads\/2024\/01\/photo-article-conduire-a-17-ans.jpg",612,408,false],"2048x2048":["https:\/\/lioneletlesautresvictimesdelaroute.fr\/justice\/wp-content\/uploads\/2024\/01\/photo-article-conduire-a-17-ans.jpg",612,408,false]},"uagb_author_info":{"display_name":"Coralie PAILHES","author_link":"https:\/\/lioneletlesautresvictimesdelaroute.fr\/justice\/author\/edliojus01513\/"},"uagb_comment_info":0,"uagb_excerpt":"Pour ou Contre ? On ne peut pas affirmer que nos seniors sont responsable des plus graves accidents. Cependant cette loi qui est en train de passer et \u00e0 double tranchant. Concernant l\u2019association Lionel et les Autres Victimes de la Route. Pour Validation du permis de conduire ; cela va permettre de d\u00e9couvrir une maladie\u2026","rttpg_featured_image_url":{"full":["https:\/\/lioneletlesautresvictimesdelaroute.fr\/justice\/wp-content\/uploads\/2024\/01\/photo-article-conduire-a-17-ans.jpg",612,408,false],"landscape":["https:\/\/lioneletlesautresvictimesdelaroute.fr\/justice\/wp-content\/uploads\/2024\/01\/photo-article-conduire-a-17-ans.jpg",612,408,false],"portraits":["https:\/\/lioneletlesautresvictimesdelaroute.fr\/justice\/wp-content\/uploads\/2024\/01\/photo-article-conduire-a-17-ans.jpg",612,408,false],"thumbnail":["https:\/\/lioneletlesautresvictimesdelaroute.fr\/justice\/wp-content\/uploads\/2024\/01\/photo-article-conduire-a-17-ans-150x150.jpg",150,150,true],"medium":["https:\/\/lioneletlesautresvictimesdelaroute.fr\/justice\/wp-content\/uploads\/2024\/01\/photo-article-conduire-a-17-ans-300x200.jpg",300,200,true],"large":["https:\/\/lioneletlesautresvictimesdelaroute.fr\/justice\/wp-content\/uploads\/2024\/01\/photo-article-conduire-a-17-ans.jpg",612,408,false],"1536x1536":["https:\/\/lioneletlesautresvictimesdelaroute.fr\/justice\/wp-content\/uploads\/2024\/01\/photo-article-conduire-a-17-ans.jpg",612,408,false],"2048x2048":["https:\/\/lioneletlesautresvictimesdelaroute.fr\/justice\/wp-content\/uploads\/2024\/01\/photo-article-conduire-a-17-ans.jpg",612,408,false]},"rttpg_author":{"display_name":"Coralie PAILHES","author_link":"https:\/\/lioneletlesautresvictimesdelaroute.fr\/justice\/author\/edliojus01513\/"},"rttpg_comment":0,"rttpg_category":"<a href=\"https:\/\/lioneletlesautresvictimesdelaroute.fr\/justice\/category\/en-page-daccueil\/\" rel=\"category tag\">En page d'accueil<\/a>","rttpg_excerpt":"Pour ou Contre ? On ne peut pas affirmer que nos seniors sont responsable des plus graves accidents. Cependant cette loi qui est en train de passer et \u00e0 double tranchant. Concernant l\u2019association Lionel et les Autres Victimes de la Route. Pour Validation du permis de conduire ; cela va permettre de d\u00e9couvrir une maladie\u2026","_links":{"self":[{"href":"https:\/\/lioneletlesautresvictimesdelaroute.fr\/justice\/wp-json\/wp\/v2\/posts\/53720","targetHints":{"allow":["GET"]}}],"collection":[{"href":"https:\/\/lioneletlesautresvictimesdelaroute.fr\/justice\/wp-json\/wp\/v2\/posts"}],"about":[{"href":"https:\/\/lioneletlesautresvictimesdelaroute.fr\/justice\/wp-json\/wp\/v2\/types\/post"}],"author":[{"embeddable":true,"href":"https:\/\/lioneletlesautresvictimesdelaroute.fr\/justice\/wp-json\/wp\/v2\/users\/2"}],"replies":[{"embeddable":true,"href":"https:\/\/lioneletlesautresvictimesdelaroute.fr\/justice\/wp-json\/wp\/v2\/comments?post=53720"}],"version-history":[{"count":2,"href":"https:\/\/lioneletlesautresvictimesdelaroute.fr\/justice\/wp-json\/wp\/v2\/posts\/53720\/revisions"}],"predecessor-version":[{"id":53759,"href":"https:\/\/lioneletlesautresvictimesdelaroute.fr\/justice\/wp-json\/wp\/v2\/posts\/53720\/revisions\/53759"}],"wp:featuredmedia":[{"embeddable":true,"href":"https:\/\/lioneletlesautresvictimesdelaroute.fr\/justice\/wp-json\/wp\/v2\/media\/30652"}],"wp:attachment":[{"href":"https:\/\/lioneletlesautresvictimesdelaroute.fr\/justice\/wp-json\/wp\/v2\/media?parent=53720"}],"wp:term":[{"taxonomy":"category","embeddable":true,"href":"https:\/\/lioneletlesautresvictimesdelaroute.fr\/justice\/wp-json\/wp\/v2\/categories?post=53720"},{"taxonomy":"post_tag","embeddable":true,"href":"https:\/\/lioneletlesautresvictimesdelaroute.fr\/justice\/wp-json\/wp\/v2\/tags?post=53720"}],"curies":[{"name":"wp","href":"https:\/\/api.w.org\/{rel}","templated":true}]}}