{"id":54380,"date":"2026-01-12T14:42:56","date_gmt":"2026-01-12T13:42:56","guid":{"rendered":"https:\/\/lioneletlesautresvictimesdelaroute.fr\/justice\/?p=54380"},"modified":"2026-01-12T15:00:03","modified_gmt":"2026-01-12T14:00:03","slug":"augmentation-importante-de-morts-sur-la-route-en-2025","status":"publish","type":"post","link":"https:\/\/lioneletlesautresvictimesdelaroute.fr\/justice\/augmentation-importante-de-morts-sur-la-route-en-2025\/","title":{"rendered":"Augmentation importante de morts sur la route en 2025."},"content":{"rendered":"\t\t<div data-elementor-type=\"wp-post\" data-elementor-id=\"54380\" class=\"elementor elementor-54380\" data-elementor-settings=\"{&quot;ha_cmc_init_switcher&quot;:&quot;no&quot;}\">\n\t\t\t\t<div class=\"elementor-element elementor-element-33621f5 e-flex e-con-boxed wpr-particle-no wpr-jarallax-no wpr-parallax-no wpr-sticky-section-no wpr-equal-height-no e-con e-parent\" data-id=\"33621f5\" data-element_type=\"container\" data-e-type=\"container\" data-settings=\"{&quot;_ha_eqh_enable&quot;:false}\">\n\t\t\t\t\t<div class=\"e-con-inner\">\n\t\t\t\t<div class=\"elementor-element elementor-element-c1fdb26 elementor-widget elementor-widget-text-editor\" data-id=\"c1fdb26\" data-element_type=\"widget\" data-e-type=\"widget\" data-widget_type=\"text-editor.default\">\n\t\t\t\t<div class=\"elementor-widget-container\">\n\t\t\t\t\t\t\t\t\t<p>Depuis le d\u00e9but de l\u2019ann\u00e9e 2025 la mortalit\u00e9 sur les routes ne cesse d\u2019augmenter. Les principales causes sont\u00a0:<\/p><ul><li style=\"list-style-type: none;\"><ul><li>La vitesse<\/li><li>Le t\u00e9l\u00e9phone<\/li><li>L\u2019alcool<\/li><li>La drogue<\/li><li>Et le protoxyde d\u2019azote, qui fait des ravages chez les jeunes.<\/li><\/ul><\/li><\/ul><p>Une hausse qui se poursuit. <a href=\"https:\/\/www.franceinfo.fr\/economie\/transports\/securite-routiere-un-automobiliste-sur-vingt-adopte-un-comportement-dangereux-selon-une-etude_6842051.html\">La mortalit\u00e9 routi\u00e8re<\/a> a augment\u00e9 de 9% en septembre en France m\u00e9tropolitaine par rapport au m\u00eame mois l&rsquo;an dernier, a annonc\u00e9, vendredi 10 octobre, la S\u00e9curit\u00e9 routi\u00e8re. Dans le d\u00e9tail,<em> \u00ab\u00a0291 personnes sont d\u00e9c\u00e9d\u00e9es en septembre 2025 sur les routes de France m\u00e9tropolitaine, contre 266 en septembre 2024, soit 25 tu\u00e9s de plus<\/em> (+9%)<em>\u00ab\u00a0<\/em>, selon les estimations de l&rsquo;Observatoire national interminist\u00e9riel de la s\u00e9curit\u00e9 routi\u00e8re (ONISR).<\/p><p>L&rsquo;augmentation des d\u00e9c\u00e8s est particuli\u00e8rement forte parmi les usagers de deux-roues, dont 69 ont \u00e9t\u00e9 tu\u00e9s en septembre 2025, soit 17 de plus qu&rsquo;en septembre 2024. En septembre, davantage de pi\u00e9tons sont \u00e9galement morts sur les routes (49, soit 12 de plus que le m\u00eame mois en 2024), tout comme les utilisateurs d&rsquo;engins de d\u00e9placements personnels motoris\u00e9s (sept, trois de plus).<\/p>\t\t\t\t\t\t\t\t<\/div>\n\t\t\t\t<\/div>\n\t\t\t\t<div class=\"elementor-element elementor-element-004952f elementor-widget elementor-widget-image\" data-id=\"004952f\" data-element_type=\"widget\" data-e-type=\"widget\" data-widget_type=\"image.default\">\n\t\t\t\t<div class=\"elementor-widget-container\">\n\t\t\t\t\t\t\t\t\t\t\t\t\t\t\t<img fetchpriority=\"high\" decoding=\"async\" width=\"1024\" height=\"671\" src=\"https:\/\/lioneletlesautresvictimesdelaroute.fr\/justice\/wp-content\/uploads\/2026\/01\/accident-850469_1280-1024x671.jpg\" class=\"attachment-large size-large wp-image-54398\" alt=\"Exc\u00e8s de vitesse : ACCIDENT DE LA ROUTE, MORTS\" srcset=\"https:\/\/lioneletlesautresvictimesdelaroute.fr\/justice\/wp-content\/uploads\/2026\/01\/accident-850469_1280-1024x671.jpg 1024w, https:\/\/lioneletlesautresvictimesdelaroute.fr\/justice\/wp-content\/uploads\/2026\/01\/accident-850469_1280-300x197.jpg 300w, https:\/\/lioneletlesautresvictimesdelaroute.fr\/justice\/wp-content\/uploads\/2026\/01\/accident-850469_1280-768x503.jpg 768w, https:\/\/lioneletlesautresvictimesdelaroute.fr\/justice\/wp-content\/uploads\/2026\/01\/accident-850469_1280.jpg 1280w\" sizes=\"(max-width: 1024px) 100vw, 1024px\" \/>\t\t\t\t\t\t\t\t\t\t\t\t\t\t\t<\/div>\n\t\t\t\t<\/div>\n\t\t\t\t<div class=\"elementor-element elementor-element-1680517 elementor-widget elementor-widget-spacer\" data-id=\"1680517\" data-element_type=\"widget\" data-e-type=\"widget\" data-widget_type=\"spacer.default\">\n\t\t\t\t<div class=\"elementor-widget-container\">\n\t\t\t\t\t\t\t<div class=\"elementor-spacer\">\n\t\t\t<div class=\"elementor-spacer-inner\"><\/div>\n\t\t<\/div>\n\t\t\t\t\t\t<\/div>\n\t\t\t\t<\/div>\n\t\t\t\t<div class=\"elementor-element elementor-element-ebdc322 elementor-align-right elementor-widget elementor-widget-button\" data-id=\"ebdc322\" data-element_type=\"widget\" data-e-type=\"widget\" data-widget_type=\"button.default\">\n\t\t\t\t<div class=\"elementor-widget-container\">\n\t\t\t\t\t\t\t\t\t<div class=\"elementor-button-wrapper\">\n\t\t\t\t\t<a class=\"elementor-button elementor-button-link elementor-size-sm\" href=\"https:\/\/www.franceinfo.fr\/faits-divers\/accident\/la-mortalite-routiere-est-en-hausse-de-9-en-septembre-par-rapport-au-meme-mois-l-an-dernier_7544299.html\">\n\t\t\t\t\t\t<span class=\"elementor-button-content-wrapper\">\n\t\t\t\t\t\t\t\t\t<span class=\"elementor-button-text\">En savoir plus <\/span>\n\t\t\t\t\t<\/span>\n\t\t\t\t\t<\/a>\n\t\t\t\t<\/div>\n\t\t\t\t\t\t\t\t<\/div>\n\t\t\t\t<\/div>\n\t\t\t\t<div class=\"elementor-element elementor-element-1fd8a25 elementor-widget elementor-widget-spacer\" data-id=\"1fd8a25\" data-element_type=\"widget\" data-e-type=\"widget\" data-widget_type=\"spacer.default\">\n\t\t\t\t<div class=\"elementor-widget-container\">\n\t\t\t\t\t\t\t<div class=\"elementor-spacer\">\n\t\t\t<div class=\"elementor-spacer-inner\"><\/div>\n\t\t<\/div>\n\t\t\t\t\t\t<\/div>\n\t\t\t\t<\/div>\n\t\t\t\t\t<\/div>\n\t\t\t\t<\/div>\n\t\t\t\t<\/div>\n\t\t","protected":false},"excerpt":{"rendered":"<p>Depuis le d\u00e9but de l\u2019ann\u00e9e 2025 la mortalit\u00e9 sur les routes ne cesse d\u2019augmenter. Les principales causes sont\u00a0: La vitesse Le t\u00e9l\u00e9phone L\u2019alcool La drogue Et le protoxyde d\u2019azote, qui fait des ravages chez les jeunes. Une hausse qui se poursuit. La mortalit\u00e9 routi\u00e8re a augment\u00e9 de 9% en septembre en France m\u00e9tropolitaine par rapport au m\u00eame mois l&rsquo;an dernier, a annonc\u00e9, vendredi 10 octobre, la S\u00e9curit\u00e9 routi\u00e8re. Dans le d\u00e9tail, \u00ab\u00a0291 personnes sont d\u00e9c\u00e9d\u00e9es en septembre 2025 sur les routes de France m\u00e9tropolitaine, contre 266 en septembre 2024, soit 25 tu\u00e9s de plus (+9%)\u00ab\u00a0, selon les estimations de l&rsquo;Observatoire national interminist\u00e9riel de la s\u00e9curit\u00e9 routi\u00e8re (ONISR). L&rsquo;augmentation des d\u00e9c\u00e8s est particuli\u00e8rement forte parmi les usagers de deux-roues, dont 69 ont \u00e9t\u00e9 tu\u00e9s en septembre 2025, soit 17 de plus qu&rsquo;en septembre 2024. En septembre, davantage de pi\u00e9tons sont \u00e9galement morts sur les routes (49, soit 12 de plus que le m\u00eame mois en 2024), tout comme les utilisateurs d&rsquo;engins de d\u00e9placements personnels motoris\u00e9s (sept, trois de plus). En savoir plus<\/p>\n","protected":false},"author":2,"featured_media":54398,"comment_status":"open","ping_status":"open","sticky":false,"template":"","format":"standard","meta":{"_uag_custom_page_level_css":"","sfsi_plus_gutenberg_text_before_share":"","sfsi_plus_gutenberg_show_text_before_share":"","sfsi_plus_gutenberg_icon_type":"","sfsi_plus_gutenberg_icon_alignemt":"","sfsi_plus_gutenburg_max_per_row":"","_lmt_disableupdate":"no","_lmt_disable":"no","_monsterinsights_skip_tracking":false,"_monsterinsights_sitenote_active":false,"_monsterinsights_sitenote_note":"","_monsterinsights_sitenote_category":0,"site-sidebar-layout":"default","site-content-layout":"","ast-site-content-layout":"default","site-content-style":"default","site-sidebar-style":"default","ast-global-header-display":"","ast-banner-title-visibility":"","ast-main-header-display":"","ast-hfb-above-header-display":"","ast-hfb-below-header-display":"","ast-hfb-mobile-header-display":"","site-post-title":"","ast-breadcrumbs-content":"","ast-featured-img":"","footer-sml-layout":"","ast-disable-related-posts":"","theme-transparent-header-meta":"default","adv-header-id-meta":"","stick-header-meta":"","header-above-stick-meta":"","header-main-stick-meta":"","header-below-stick-meta":"","astra-migrate-meta-layouts":"set","ast-page-background-enabled":"default","ast-page-background-meta":{"desktop":{"background-color":"var(--ast-global-color-4)","background-image":"","background-repeat":"repeat","background-position":"center center","background-size":"auto","background-attachment":"scroll","background-type":"","background-media":"","overlay-type":"","overlay-color":"","overlay-opacity":"","overlay-gradient":""},"tablet":{"background-color":"","background-image":"","background-repeat":"repeat","background-position":"center center","background-size":"auto","background-attachment":"scroll","background-type":"","background-media":"","overlay-type":"","overlay-color":"","overlay-opacity":"","overlay-gradient":""},"mobile":{"background-color":"","background-image":"","background-repeat":"repeat","background-position":"center center","background-size":"auto","background-attachment":"scroll","background-type":"","background-media":"","overlay-type":"","overlay-color":"","overlay-opacity":"","overlay-gradient":""}},"ast-content-background-meta":{"desktop":{"background-color":"var(--ast-global-color-5)","background-image":"","background-repeat":"repeat","background-position":"center center","background-size":"auto","background-attachment":"scroll","background-type":"","background-media":"","overlay-type":"","overlay-color":"","overlay-opacity":"","overlay-gradient":""},"tablet":{"background-color":"var(--ast-global-color-5)","background-image":"","background-repeat":"repeat","background-position":"center center","background-size":"auto","background-attachment":"scroll","background-type":"","background-media":"","overlay-type":"","overlay-color":"","overlay-opacity":"","overlay-gradient":""},"mobile":{"background-color":"var(--ast-global-color-5)","background-image":"","background-repeat":"repeat","background-position":"center center","background-size":"auto","background-attachment":"scroll","background-type":"","background-media":"","overlay-type":"","overlay-color":"","overlay-opacity":"","overlay-gradient":""}},"iawp_total_views":0,"footnotes":""},"categories":[15],"tags":[],"class_list":["post-54380","post","type-post","status-publish","format-standard","has-post-thumbnail","hentry","category-en-page-daccueil"],"aioseo_notices":[],"modified_by":"Coralie PAILHES","uagb_featured_image_src":{"full":["https:\/\/lioneletlesautresvictimesdelaroute.fr\/justice\/wp-content\/uploads\/2026\/01\/accident-850469_1280.jpg",1280,839,false],"thumbnail":["https:\/\/lioneletlesautresvictimesdelaroute.fr\/justice\/wp-content\/uploads\/2026\/01\/accident-850469_1280-150x150.jpg",150,150,true],"medium":["https:\/\/lioneletlesautresvictimesdelaroute.fr\/justice\/wp-content\/uploads\/2026\/01\/accident-850469_1280-300x197.jpg",300,197,true],"medium_large":["https:\/\/lioneletlesautresvictimesdelaroute.fr\/justice\/wp-content\/uploads\/2026\/01\/accident-850469_1280-768x503.jpg",768,503,true],"large":["https:\/\/lioneletlesautresvictimesdelaroute.fr\/justice\/wp-content\/uploads\/2026\/01\/accident-850469_1280-1024x671.jpg",1024,671,true],"1536x1536":["https:\/\/lioneletlesautresvictimesdelaroute.fr\/justice\/wp-content\/uploads\/2026\/01\/accident-850469_1280.jpg",1280,839,false],"2048x2048":["https:\/\/lioneletlesautresvictimesdelaroute.fr\/justice\/wp-content\/uploads\/2026\/01\/accident-850469_1280.jpg",1280,839,false]},"uagb_author_info":{"display_name":"Coralie PAILHES","author_link":"https:\/\/lioneletlesautresvictimesdelaroute.fr\/justice\/author\/edliojus01513\/"},"uagb_comment_info":0,"uagb_excerpt":"Depuis le d\u00e9but de l\u2019ann\u00e9e 2025 la mortalit\u00e9 sur les routes ne cesse d\u2019augmenter. Les principales causes sont\u00a0: La vitesse Le t\u00e9l\u00e9phone L\u2019alcool La drogue Et le protoxyde d\u2019azote, qui fait des ravages chez les jeunes. Une hausse qui se poursuit. La mortalit\u00e9 routi\u00e8re a augment\u00e9 de 9% en septembre en France m\u00e9tropolitaine par rapport\u2026","rttpg_featured_image_url":{"full":["https:\/\/lioneletlesautresvictimesdelaroute.fr\/justice\/wp-content\/uploads\/2026\/01\/accident-850469_1280.jpg",1280,839,false],"landscape":["https:\/\/lioneletlesautresvictimesdelaroute.fr\/justice\/wp-content\/uploads\/2026\/01\/accident-850469_1280.jpg",1280,839,false],"portraits":["https:\/\/lioneletlesautresvictimesdelaroute.fr\/justice\/wp-content\/uploads\/2026\/01\/accident-850469_1280.jpg",1280,839,false],"thumbnail":["https:\/\/lioneletlesautresvictimesdelaroute.fr\/justice\/wp-content\/uploads\/2026\/01\/accident-850469_1280-150x150.jpg",150,150,true],"medium":["https:\/\/lioneletlesautresvictimesdelaroute.fr\/justice\/wp-content\/uploads\/2026\/01\/accident-850469_1280-300x197.jpg",300,197,true],"large":["https:\/\/lioneletlesautresvictimesdelaroute.fr\/justice\/wp-content\/uploads\/2026\/01\/accident-850469_1280-1024x671.jpg",1024,671,true],"1536x1536":["https:\/\/lioneletlesautresvictimesdelaroute.fr\/justice\/wp-content\/uploads\/2026\/01\/accident-850469_1280.jpg",1280,839,false],"2048x2048":["https:\/\/lioneletlesautresvictimesdelaroute.fr\/justice\/wp-content\/uploads\/2026\/01\/accident-850469_1280.jpg",1280,839,false]},"rttpg_author":{"display_name":"Coralie PAILHES","author_link":"https:\/\/lioneletlesautresvictimesdelaroute.fr\/justice\/author\/edliojus01513\/"},"rttpg_comment":0,"rttpg_category":"<a href=\"https:\/\/lioneletlesautresvictimesdelaroute.fr\/justice\/category\/en-page-daccueil\/\" rel=\"category tag\">En page d'accueil<\/a>","rttpg_excerpt":"Depuis le d\u00e9but de l\u2019ann\u00e9e 2025 la mortalit\u00e9 sur les routes ne cesse d\u2019augmenter. Les principales causes sont\u00a0: La vitesse Le t\u00e9l\u00e9phone L\u2019alcool La drogue Et le protoxyde d\u2019azote, qui fait des ravages chez les jeunes. Une hausse qui se poursuit. La mortalit\u00e9 routi\u00e8re a augment\u00e9 de 9% en septembre en France m\u00e9tropolitaine par rapport\u2026","_links":{"self":[{"href":"https:\/\/lioneletlesautresvictimesdelaroute.fr\/justice\/wp-json\/wp\/v2\/posts\/54380","targetHints":{"allow":["GET"]}}],"collection":[{"href":"https:\/\/lioneletlesautresvictimesdelaroute.fr\/justice\/wp-json\/wp\/v2\/posts"}],"about":[{"href":"https:\/\/lioneletlesautresvictimesdelaroute.fr\/justice\/wp-json\/wp\/v2\/types\/post"}],"author":[{"embeddable":true,"href":"https:\/\/lioneletlesautresvictimesdelaroute.fr\/justice\/wp-json\/wp\/v2\/users\/2"}],"replies":[{"embeddable":true,"href":"https:\/\/lioneletlesautresvictimesdelaroute.fr\/justice\/wp-json\/wp\/v2\/comments?post=54380"}],"version-history":[{"count":2,"href":"https:\/\/lioneletlesautresvictimesdelaroute.fr\/justice\/wp-json\/wp\/v2\/posts\/54380\/revisions"}],"predecessor-version":[{"id":54405,"href":"https:\/\/lioneletlesautresvictimesdelaroute.fr\/justice\/wp-json\/wp\/v2\/posts\/54380\/revisions\/54405"}],"wp:featuredmedia":[{"embeddable":true,"href":"https:\/\/lioneletlesautresvictimesdelaroute.fr\/justice\/wp-json\/wp\/v2\/media\/54398"}],"wp:attachment":[{"href":"https:\/\/lioneletlesautresvictimesdelaroute.fr\/justice\/wp-json\/wp\/v2\/media?parent=54380"}],"wp:term":[{"taxonomy":"category","embeddable":true,"href":"https:\/\/lioneletlesautresvictimesdelaroute.fr\/justice\/wp-json\/wp\/v2\/categories?post=54380"},{"taxonomy":"post_tag","embeddable":true,"href":"https:\/\/lioneletlesautresvictimesdelaroute.fr\/justice\/wp-json\/wp\/v2\/tags?post=54380"}],"curies":[{"name":"wp","href":"https:\/\/api.w.org\/{rel}","templated":true}]}}